{"id":1546,"date":"2018-09-25T14:15:08","date_gmt":"2018-09-25T12:15:08","guid":{"rendered":"http:\/\/mesverdbenicalap.eu\/?p=1546"},"modified":"2018-09-25T14:38:16","modified_gmt":"2018-09-25T12:38:16","slug":"imagenes-2","status":"publish","type":"post","link":"http:\/\/mesverdbenicalap.eu\/es\/imagenes-2\/","title":{"rendered":"M\u00e9s Verd Benicalap"},"content":{"rendered":"[vc_row type=\u00bbin_container\u00bb full_screen_row_position=\u00bbmiddle\u00bb scene_position=\u00bbcenter\u00bb text_color=\u00bbdark\u00bb text_align=\u00bbleft\u00bb overlay_strength=\u00bb0.3&#8243;][vc_column column_padding=\u00bbno-extra-padding\u00bb column_padding_position=\u00bball\u00bb background_color_opacity=\u00bb1&#8243; background_hover_color_opacity=\u00bb1&#8243; column_shadow=\u00bbnone\u00bb width=\u00bb1\/1&#8243; tablet_text_alignment=\u00bbdefault\u00bb phone_text_alignment=\u00bbdefault\u00bb column_border_width=\u00bbnone\u00bb column_border_style=\u00bbsolid\u00bb][vc_column_text]\n<p class=\"western\" lang=\"ca-ES\"><span lang=\"es-ES-u-co-trad\"><em>M\u00e9s Verd Benicalap<\/em> ya est\u00e1 en marcha. La toma de contacto vecinal se inici\u00f3 a principios de septiembre y seguir\u00e1 su rumbo durante los pr\u00f3ximos meses. El objetivo de estas primeras semanas est\u00e1 siendo informar a la ciudadan\u00eda de los objetivos del proyecto, identificar el inter\u00e9s que despierta y las posibilidades que otorga para mejorar su vida diaria. Para ello, estamos realizado entrevistas y una campa\u00f1a de toma de contacto a pie de calle, adem\u00e1s de distribuir cuestionarios y buzones en los equipamientos del barrio. <\/span><\/p>\n<p class=\"western\" lang=\"ca-ES\"><span lang=\"es-ES-u-co-trad\">A trav\u00e9s de las entrevistas con diferentes asociaciones y equipamientos del barrio, principalmente con aquellos que tienen mayor proximidad a Ciudad Fallera, hemos intercambiado las primeras visiones. Las entidades vecinales contactadas tienen una serie de necesidades y prioridades para el barrio que superan el alcance de <em>M\u00e9s Verd Benicalap<\/em>, sin embargo, existe un amplio reconocimiento de las oportunidades de este proyecto. Mejorar la naturaleza del barrio y la conexi\u00f3n con la huerta son cuestiones que interesan y motivan a todas las personas entrevistadas. As\u00ed pues, gracias a las entrevistas, disponemos de unas primeras ideas para cada uno de los proyectos piloto que promueve <em>M\u00e9s Verd Benicalap<\/em>, un primer paso importante para conectar la iniciativa europea con el barrio.<\/span><\/p>\n<p class=\"western\" lang=\"ca-ES\"><span lang=\"es-ES-u-co-trad\">De igual manera, entre la poblaci\u00f3n no asociada, contactada a trav\u00e9s de la campa\u00f1a de calle, estamos reconociendo c\u00f3mo viven el barrio y de qu\u00e9 modo los proyectos piloto de naturalizaci\u00f3n pueden mejorar su realidad cotidiana. El conjunto de opiniones recogidas nos va a ayudar a detectar propuestas que ampl\u00eden el impacto positivo de los proyectos piloto de <em>M\u00e9s Verd Benicalap<\/em>. Necesitamos conocer la visi\u00f3n de la mayor diversidad de vecinas y vecinos del barrio, por ello seguimos dando difusi\u00f3n al cuestionario que se puede rellenar online en este enlace. Queremos saber si crees que el barrio est\u00e1 bien conectado a la huerta, cu\u00e1les son las calles y plazas del barrio que pueden mejorar, y si te interesa la sostenibilidad y la ecolog\u00eda urbana, no dudes y \u00a1s\u00famate al proyecto!<\/span><\/p>\n<p class=\"western\" lang=\"ca-ES\"><span lang=\"es-ES-u-co-trad\">El trabajo de estas primeras semanas se volcar\u00e1 en el pr\u00f3ximo taller vecinal: <strong>\u00bfEs Ciutat Fallera un barrio verde?<\/strong> En el taller trabajaremos grupalmente los proyectos piloto de naturalizaci\u00f3n del barrio: 1- jard\u00edn vertical, 2- bosquete sostenible, 3- corredor verde, 4- iniciativas verdes colaborativas. Ser\u00e1 un evento abierto el <strong>pr\u00f3ximo s\u00e1bado 29 de septiembre: de 11:30 a 14:00 en la Nave del Gremio del Artista Faller en la C\/ S\u00e1nchez Arjona n\u00ba12. (detr\u00e1s de la parroquia)<\/strong>. Os esperamos a todas las personas interesadas en mejorar el barrio.<\/span><\/p>\n[\/vc_column_text][\/vc_column][\/vc_row][vc_row type=\u00bbin_container\u00bb full_screen_row_position=\u00bbmiddle\u00bb scene_position=\u00bbcenter\u00bb text_color=\u00bbdark\u00bb text_align=\u00bbleft\u00bb overlay_strength=\u00bb0.3&#8243;][vc_column column_padding=\u00bbno-extra-padding\u00bb column_padding_position=\u00bball\u00bb background_color_opacity=\u00bb1&#8243; background_hover_color_opacity=\u00bb1&#8243; column_shadow=\u00bbnone\u00bb width=\u00bb1\/1&#8243; tablet_text_alignment=\u00bbdefault\u00bb phone_text_alignment=\u00bbdefault\u00bb column_border_width=\u00bbnone\u00bb column_border_style=\u00bbsolid\u00bb]<div class=\"img-with-aniamtion-wrap \" data-max-width=\"100%\"><div class=\"inner\"><img loading=\"lazy\" decoding=\"async\" data-shadow=\"none\" data-shadow-direction=\"middle\" class=\"img-with-animation \" data-delay=\"0\" height=\"1200\" width=\"1600\" data-animation=\"fade-in\" src=\"http:\/\/mesverdbenicalap.eu\/wp-content\/uploads\/2018\/09\/IMG-20180920-WA0008.jpg\" srcset=\"http:\/\/mesverdbenicalap.eu\/wp-content\/uploads\/2018\/09\/IMG-20180920-WA0008.jpg 1600w, http:\/\/mesverdbenicalap.eu\/wp-content\/uploads\/2018\/09\/IMG-20180920-WA0008-300x225.jpg 300w, http:\/\/mesverdbenicalap.eu\/wp-content\/uploads\/2018\/09\/IMG-20180920-WA0008-768x576.jpg 768w, http:\/\/mesverdbenicalap.eu\/wp-content\/uploads\/2018\/09\/IMG-20180920-WA0008-1024x768.jpg 1024w\" sizes=\"auto, 100vw\" alt=\"\" \/><\/div><\/div>[\/vc_column][\/vc_row][vc_row type=\u00bbin_container\u00bb full_screen_row_position=\u00bbmiddle\u00bb scene_position=\u00bbcenter\u00bb text_color=\u00bbdark\u00bb text_align=\u00bbleft\u00bb overlay_strength=\u00bb0.3&#8243;][vc_column column_padding=\u00bbno-extra-padding\u00bb column_padding_position=\u00bball\u00bb background_color_opacity=\u00bb1&#8243; background_hover_color_opacity=\u00bb1&#8243; column_shadow=\u00bbnone\u00bb width=\u00bb1\/2&#8243; tablet_text_alignment=\u00bbdefault\u00bb phone_text_alignment=\u00bbdefault\u00bb column_border_width=\u00bbnone\u00bb column_border_style=\u00bbsolid\u00bb]<div class=\"img-with-aniamtion-wrap \" data-max-width=\"100%\"><div class=\"inner\"><img loading=\"lazy\" decoding=\"async\" data-shadow=\"none\" data-shadow-direction=\"middle\" class=\"img-with-animation \" data-delay=\"0\" height=\"1125\" width=\"1500\" data-animation=\"none\" src=\"http:\/\/mesverdbenicalap.eu\/wp-content\/uploads\/2018\/09\/IMG_20180917_133903.jpg\" srcset=\"http:\/\/mesverdbenicalap.eu\/wp-content\/uploads\/2018\/09\/IMG_20180917_133903.jpg 1500w, http:\/\/mesverdbenicalap.eu\/wp-content\/uploads\/2018\/09\/IMG_20180917_133903-300x225.jpg 300w, http:\/\/mesverdbenicalap.eu\/wp-content\/uploads\/2018\/09\/IMG_20180917_133903-768x576.jpg 768w, http:\/\/mesverdbenicalap.eu\/wp-content\/uploads\/2018\/09\/IMG_20180917_133903-1024x768.jpg 1024w\" sizes=\"auto, 100vw\" alt=\"\" \/><\/div><\/div>[\/vc_column][vc_column column_padding=\u00bbno-extra-padding\u00bb column_padding_position=\u00bball\u00bb background_color_opacity=\u00bb1&#8243; background_hover_color_opacity=\u00bb1&#8243; column_shadow=\u00bbnone\u00bb width=\u00bb1\/2&#8243; tablet_text_alignment=\u00bbdefault\u00bb phone_text_alignment=\u00bbdefault\u00bb column_border_width=\u00bbnone\u00bb column_border_style=\u00bbsolid\u00bb]<div class=\"img-with-aniamtion-wrap \" data-max-width=\"100%\"><div class=\"inner\"><img loading=\"lazy\" decoding=\"async\" data-shadow=\"none\" data-shadow-direction=\"middle\" class=\"img-with-animation \" data-delay=\"0\" height=\"1125\" width=\"1500\" data-animation=\"none\" src=\"http:\/\/mesverdbenicalap.eu\/wp-content\/uploads\/2018\/09\/IMG_20180917_200510.jpg\" srcset=\"http:\/\/mesverdbenicalap.eu\/wp-content\/uploads\/2018\/09\/IMG_20180917_200510.jpg 1500w, http:\/\/mesverdbenicalap.eu\/wp-content\/uploads\/2018\/09\/IMG_20180917_200510-300x225.jpg 300w, http:\/\/mesverdbenicalap.eu\/wp-content\/uploads\/2018\/09\/IMG_20180917_200510-768x576.jpg 768w, http:\/\/mesverdbenicalap.eu\/wp-content\/uploads\/2018\/09\/IMG_20180917_200510-1024x768.jpg 1024w\" sizes=\"auto, 100vw\" alt=\"\" \/><\/div><\/div>[\/vc_column][\/vc_row]\n","protected":false},"excerpt":{"rendered":"<p>[vc_row type=\u00bbin_container\u00bb full_screen_row_position=\u00bbmiddle\u00bb scene_position=\u00bbcenter\u00bb text_color=\u00bbdark\u00bb text_align=\u00bbleft\u00bb overlay_strength=\u00bb0.3&#8243;][vc_column column_padding=\u00bbno-extra-padding\u00bb column_padding_position=\u00bball\u00bb background_color_opacity=\u00bb1&#8243; background_hover_color_opacity=\u00bb1&#8243; column_shadow=\u00bbnone\u00bb width=\u00bb1\/1&#8243; tablet_text_alignment=\u00bbdefault\u00bb phone_text_alignment=\u00bbdefault\u00bb column_border_width=\u00bbnone\u00bb column_border_style=\u00bbsolid\u00bb][vc_column_text] M\u00e9s Verd Benicalap ya est\u00e1 en marcha. La toma de contacto vecinal se&#8230;<\/p>\n","protected":false},"author":2,"featured_media":1561,"comment_status":"closed","ping_status":"open","sticky":false,"template":"","format":"standard","meta":{"footnotes":""},"categories":[24],"tags":[],"class_list":["post-1546","post","type-post","status-publish","format-standard","has-post-thumbnail","hentry","category-participacion"],"_links":{"self":[{"href":"http:\/\/mesverdbenicalap.eu\/es\/wp-json\/wp\/v2\/posts\/1546\/"}],"collection":[{"href":"http:\/\/mesverdbenicalap.eu\/es\/wp-json\/wp\/v2\/posts\/"}],"about":[{"href":"http:\/\/mesverdbenicalap.eu\/es\/wp-json\/wp\/v2\/types\/post\/"}],"author":[{"embeddable":true,"href":"http:\/\/mesverdbenicalap.eu\/es\/wp-json\/wp\/v2\/users\/2\/"}],"replies":[{"embeddable":true,"href":"http:\/\/mesverdbenicalap.eu\/es\/wp-json\/wp\/v2\/comments\/?post=1546"}],"version-history":[{"count":3,"href":"http:\/\/mesverdbenicalap.eu\/es\/wp-json\/wp\/v2\/posts\/1546\/revisions\/"}],"predecessor-version":[{"id":1556,"href":"http:\/\/mesverdbenicalap.eu\/es\/wp-json\/wp\/v2\/posts\/1546\/revisions\/1556\/"}],"wp:featuredmedia":[{"embeddable":true,"href":"http:\/\/mesverdbenicalap.eu\/es\/wp-json\/wp\/v2\/media\/1561\/"}],"wp:attachment":[{"href":"http:\/\/mesverdbenicalap.eu\/es\/wp-json\/wp\/v2\/media\/?parent=1546"}],"wp:term":[{"taxonomy":"category","embeddable":true,"href":"http:\/\/mesverdbenicalap.eu\/es\/wp-json\/wp\/v2\/categories\/?post=1546"},{"taxonomy":"post_tag","embeddable":true,"href":"http:\/\/mesverdbenicalap.eu\/es\/wp-json\/wp\/v2\/tags\/?post=1546"}],"curies":[{"name":"wp","href":"https:\/\/api.w.org\/{rel}","templated":true}]}}