{"id":1577,"date":"2018-09-26T18:10:45","date_gmt":"2018-09-26T16:10:45","guid":{"rendered":"http:\/\/mesverdbenicalap.eu\/?p=1577"},"modified":"2018-09-26T18:15:06","modified_gmt":"2018-09-26T16:15:06","slug":"imagenes-3","status":"publish","type":"post","link":"http:\/\/mesverdbenicalap.eu\/es\/imagenes-3\/","title":{"rendered":"#M\u00e9sVerdBenicalap en rueda de prensa"},"content":{"rendered":"[vc_row type=\u00bbin_container\u00bb full_screen_row_position=\u00bbmiddle\u00bb scene_position=\u00bbcenter\u00bb text_color=\u00bbdark\u00bb text_align=\u00bbleft\u00bb overlay_strength=\u00bb0.3&#8243;][vc_column column_padding=\u00bbno-extra-padding\u00bb column_padding_position=\u00bball\u00bb background_color_opacity=\u00bb1&#8243; background_hover_color_opacity=\u00bb1&#8243; column_shadow=\u00bbnone\u00bb width=\u00bb1\/1&#8243; tablet_text_alignment=\u00bbdefault\u00bb phone_text_alignment=\u00bbdefault\u00bb column_border_width=\u00bbnone\u00bb column_border_style=\u00bbsolid\u00bb][vc_column_text]El concejal de Innovaci\u00f3n del Ayuntamiento de Val\u00e8ncia, Berto Jaramillo, ha presentado esta ma\u00f1ana #M\u00e9sVerdBenicalap, nuestra campa\u00f1a de participaci\u00f3n que forma parte del proyecto europeo GrowGreen y que tiene como objetivo inicial que el vecindario detecte los problemas y necesidades cotidianas del distrito de Benicalap. \u00ab<em>Se trata de un proceso participativo muy activo y enriquecedor que promueve iniciativas colaborativas comunitarias relacionadas con la sostenibilidad urbana\u00bb<\/em>, ha se\u00f1alado.<\/p>\n<p>Jaramillo, que ha estado acompa\u00f1ado de Paisaje Transversal -entidad socia de GrowGreen y encargada de la campa\u00f1a de participaci\u00f3n-, ha recordado que el s\u00e1bado 29 de septiembre se celebrar\u00e1 el taller vecinal entre las 11.30 y las 14.00 horas, en la nave del Gremio del Artista Fallero, donde se dar\u00e1n a conocer las acciones de GrowGreen y se har\u00e1 un mapa para saber cu\u00e1ntas zonas verdes tiene actualmente Benicalap.<\/p>\n<p><em>\u00abEl proceso de participaci\u00f3n es tambi\u00e9n un proceso de informaci\u00f3n a la ciudadan\u00eda de los objetivos de GrowGreen y queremos concretar con ella el dise\u00f1o de las acciones piloto. Queremos, por encima de todo, escucharla y que est\u00e9 inmersa de manera directa en lo el proceso para que se mejore la calidad de vida del vecindario\u00bb<\/em>, ha detallado Jaramillo. <em>\u00abY se reforzar\u00e1 y construir\u00e1 la visi\u00f3n social de Benicalap como distrito conectado con la huerta, como valor identitario y como estrategia contra el cambio clim\u00e1tico, leitmotiv tambi\u00e9n de GrowGreen\u00bb<\/em>.[\/vc_column_text][\/vc_column][\/vc_row][vc_row type=\u00bbin_container\u00bb full_screen_row_position=\u00bbmiddle\u00bb scene_position=\u00bbcenter\u00bb text_color=\u00bbdark\u00bb text_align=\u00bbleft\u00bb overlay_strength=\u00bb0.3&#8243;][vc_column column_padding=\u00bbno-extra-padding\u00bb column_padding_position=\u00bball\u00bb background_color_opacity=\u00bb1&#8243; background_hover_color_opacity=\u00bb1&#8243; column_shadow=\u00bbnone\u00bb width=\u00bb1\/1&#8243; tablet_text_alignment=\u00bbdefault\u00bb phone_text_alignment=\u00bbdefault\u00bb column_border_width=\u00bbnone\u00bb column_border_style=\u00bbsolid\u00bb]<div class=\"img-with-aniamtion-wrap \" data-max-width=\"100%\"><div class=\"inner\"><img loading=\"lazy\" decoding=\"async\" data-shadow=\"none\" data-shadow-direction=\"middle\" class=\"img-with-animation \" data-delay=\"0\" height=\"1000\" width=\"1500\" data-animation=\"fade-in\" src=\"http:\/\/mesverdbenicalap.eu\/wp-content\/uploads\/2018\/09\/IMG_2349.jpg\" srcset=\"http:\/\/mesverdbenicalap.eu\/wp-content\/uploads\/2018\/09\/IMG_2349.jpg 1500w, http:\/\/mesverdbenicalap.eu\/wp-content\/uploads\/2018\/09\/IMG_2349-300x200.jpg 300w, http:\/\/mesverdbenicalap.eu\/wp-content\/uploads\/2018\/09\/IMG_2349-768x512.jpg 768w, http:\/\/mesverdbenicalap.eu\/wp-content\/uploads\/2018\/09\/IMG_2349-1024x683.jpg 1024w, http:\/\/mesverdbenicalap.eu\/wp-content\/uploads\/2018\/09\/IMG_2349-900x600.jpg 900w, http:\/\/mesverdbenicalap.eu\/wp-content\/uploads\/2018\/09\/IMG_2349-675x450.jpg 675w\" sizes=\"auto, 100vw\" alt=\"\" \/><\/div><\/div>[\/vc_column][\/vc_row][vc_row type=\u00bbin_container\u00bb full_screen_row_position=\u00bbmiddle\u00bb scene_position=\u00bbcenter\u00bb text_color=\u00bbdark\u00bb text_align=\u00bbleft\u00bb overlay_strength=\u00bb0.3&#8243;][vc_column column_padding=\u00bbno-extra-padding\u00bb column_padding_position=\u00bball\u00bb background_color_opacity=\u00bb1&#8243; background_hover_color_opacity=\u00bb1&#8243; column_shadow=\u00bbnone\u00bb width=\u00bb1\/2&#8243; tablet_text_alignment=\u00bbdefault\u00bb phone_text_alignment=\u00bbdefault\u00bb column_border_width=\u00bbnone\u00bb column_border_style=\u00bbsolid\u00bb]<div class=\"img-with-aniamtion-wrap \" data-max-width=\"100%\"><div class=\"inner\"><img loading=\"lazy\" decoding=\"async\" data-shadow=\"none\" data-shadow-direction=\"middle\" class=\"img-with-animation \" data-delay=\"0\" height=\"100\" width=\"100\" data-animation=\"none\" src=\"\"  alt=\"\" \/><\/div><\/div>[\/vc_column][vc_column column_padding=\u00bbno-extra-padding\u00bb column_padding_position=\u00bball\u00bb background_color_opacity=\u00bb1&#8243; background_hover_color_opacity=\u00bb1&#8243; column_shadow=\u00bbnone\u00bb width=\u00bb1\/2&#8243; tablet_text_alignment=\u00bbdefault\u00bb phone_text_alignment=\u00bbdefault\u00bb column_border_width=\u00bbnone\u00bb column_border_style=\u00bbsolid\u00bb]<div class=\"img-with-aniamtion-wrap \" data-max-width=\"100%\"><div class=\"inner\"><img loading=\"lazy\" decoding=\"async\" data-shadow=\"none\" data-shadow-direction=\"middle\" class=\"img-with-animation \" data-delay=\"0\" height=\"100\" width=\"100\" data-animation=\"none\" src=\"\"  alt=\"\" \/><\/div><\/div>[\/vc_column][\/vc_row]\n","protected":false},"excerpt":{"rendered":"<p>[vc_row type=\u00bbin_container\u00bb full_screen_row_position=\u00bbmiddle\u00bb scene_position=\u00bbcenter\u00bb text_color=\u00bbdark\u00bb text_align=\u00bbleft\u00bb overlay_strength=\u00bb0.3&#8243;][vc_column column_padding=\u00bbno-extra-padding\u00bb column_padding_position=\u00bball\u00bb background_color_opacity=\u00bb1&#8243; background_hover_color_opacity=\u00bb1&#8243; column_shadow=\u00bbnone\u00bb width=\u00bb1\/1&#8243; tablet_text_alignment=\u00bbdefault\u00bb phone_text_alignment=\u00bbdefault\u00bb column_border_width=\u00bbnone\u00bb column_border_style=\u00bbsolid\u00bb][vc_column_text]El concejal de Innovaci\u00f3n del Ayuntamiento de Val\u00e8ncia, Berto Jaramillo, ha presentado esta ma\u00f1ana&#8230;<\/p>\n","protected":false},"author":2,"featured_media":1575,"comment_status":"closed","ping_status":"open","sticky":false,"template":"","format":"standard","meta":{"footnotes":""},"categories":[27],"tags":[],"class_list":["post-1577","post","type-post","status-publish","format-standard","has-post-thumbnail","hentry","category-presentacio"],"_links":{"self":[{"href":"http:\/\/mesverdbenicalap.eu\/es\/wp-json\/wp\/v2\/posts\/1577\/"}],"collection":[{"href":"http:\/\/mesverdbenicalap.eu\/es\/wp-json\/wp\/v2\/posts\/"}],"about":[{"href":"http:\/\/mesverdbenicalap.eu\/es\/wp-json\/wp\/v2\/types\/post\/"}],"author":[{"embeddable":true,"href":"http:\/\/mesverdbenicalap.eu\/es\/wp-json\/wp\/v2\/users\/2\/"}],"replies":[{"embeddable":true,"href":"http:\/\/mesverdbenicalap.eu\/es\/wp-json\/wp\/v2\/comments\/?post=1577"}],"version-history":[{"count":4,"href":"http:\/\/mesverdbenicalap.eu\/es\/wp-json\/wp\/v2\/posts\/1577\/revisions\/"}],"predecessor-version":[{"id":1584,"href":"http:\/\/mesverdbenicalap.eu\/es\/wp-json\/wp\/v2\/posts\/1577\/revisions\/1584\/"}],"wp:featuredmedia":[{"embeddable":true,"href":"http:\/\/mesverdbenicalap.eu\/es\/wp-json\/wp\/v2\/media\/1575\/"}],"wp:attachment":[{"href":"http:\/\/mesverdbenicalap.eu\/es\/wp-json\/wp\/v2\/media\/?parent=1577"}],"wp:term":[{"taxonomy":"category","embeddable":true,"href":"http:\/\/mesverdbenicalap.eu\/es\/wp-json\/wp\/v2\/categories\/?post=1577"},{"taxonomy":"post_tag","embeddable":true,"href":"http:\/\/mesverdbenicalap.eu\/es\/wp-json\/wp\/v2\/tags\/?post=1577"}],"curies":[{"name":"wp","href":"https:\/\/api.w.org\/{rel}","templated":true}]}}