{"id":1603,"date":"2018-10-10T11:31:00","date_gmt":"2018-10-10T09:31:00","guid":{"rendered":"http:\/\/mesverdbenicalap.eu\/?p=1603"},"modified":"2018-10-23T12:47:31","modified_gmt":"2018-10-23T10:47:31","slug":"taller-vecinal-es-ciutat-fallera-un-barrio-verde","status":"publish","type":"post","link":"http:\/\/mesverdbenicalap.eu\/es\/taller-vecinal-es-ciutat-fallera-un-barrio-verde\/","title":{"rendered":"Taller vecinal \u00abEs Ciutat Fallera un barrio verde?\u00bb"},"content":{"rendered":"[vc_row type=\u00bbin_container\u00bb full_screen_row_position=\u00bbmiddle\u00bb scene_position=\u00bbcenter\u00bb text_color=\u00bbdark\u00bb text_align=\u00bbleft\u00bb overlay_strength=\u00bb0.3&#8243;][vc_column column_padding=\u00bbno-extra-padding\u00bb column_padding_position=\u00bball\u00bb background_color_opacity=\u00bb1&#8243; background_hover_color_opacity=\u00bb1&#8243; column_shadow=\u00bbnone\u00bb width=\u00bb1\/1&#8243; tablet_text_alignment=\u00bbdefault\u00bb phone_text_alignment=\u00bbdefault\u00bb column_border_width=\u00bbnone\u00bb column_border_style=\u00bbsolid\u00bb][vc_column_text]El pasado s\u00e1bado 29 de septiembre celebramos el primer taller vecinal <em>\u201cEs Ciutat Fallera un barrio verde?\u00bb<\/em>, en el cual analizamos el espacio p\u00fablico del barrio y profundizamos sobre los proyectos basados en la naturaleza propuestos desde GrowGreen. Fue una jornada muy agradable en una de las naves del gremio del artista fallero, en la cual adultos, j\u00f3venes e infancia, a t\u00edtulo personal o en representaci\u00f3n de colectivos, compartieron su inter\u00e9s por mejorar y revitalizar el barrio, as\u00ed como por la naturalizaci\u00f3n urbana.<\/p>\n<p>Todos los proyectos, tanto el jard\u00edn vertical para reciclar aguas grises, como el proyecto del bosquete, el corredor verde azul y la convocatoria abierta a iniciativas verdes colaborativas para solucionar problemas del barrio, se identificaron como una oportunidad. Cuestiones como que los proyectos tengan relaci\u00f3n con los centros educativos, -el CEIP Ciutat del Artista Fallero o el IES Benicalap-, que el gremio de artistas falleros pueda implicarse en el dise\u00f1o, as\u00ed como propuestas relacionadas con cuestiones concretas como usos para el bosquete y la identificaci\u00f3n de calles degradadas para el corredor verde-azul, fueron algunos de los resultados del taller.<\/p>\n<p>La semana pasada finalizamos la recogida por la calle de opiniones vecinales, a trav\u00e9s de los cuestionarios realizados a m\u00e1s de 70 personas y los mapas perceptivos trabajados con cerca de 40 vecinos y vecinas.<\/p>\n<p><strong>Pr\u00f3ximas actividades<\/strong><\/p>\n<p>Durante estas semanas seguimos con las \u00faltimas entrevistas a entidades y preparando las sesiones de trabajo con colectivos espec\u00edficos: infancia y juventud, mayores y mujeres. El d\u00eda 25 de octubre estaremos en el centro de mayores hablando de c\u00f3mo ha cambiado el barrio y qu\u00e9 necesidades tienen las personas de mayor edad de Ciutat Fallera; y el martes 16 de octubre celebraremos un taller para recoger la visi\u00f3n de g\u00e9nero sobre el espacio p\u00fablico en el local de la asociaci\u00f3n AITANA de amas de casa y consumidoras. Igualmente empezaremos con los talleres escolares desde el d\u00eda 15 hasta el d\u00eda 19 de Octubre.<\/p>\n<p>Con toda la informaci\u00f3n ciudadana recogida estamos realizando una s\u00edntesis de las propuestas en la cual identificamos las cuestiones m\u00e1s repetidas y las que reclaman colectivos espec\u00edficos, que nos servir\u00e1n para trabajar con todo el equipo t\u00e9cnico de GrowGreen para integrar en el dise\u00f1o todo lo que sea posible y viable. Ser\u00e1 el mi\u00e9rcoles 24 de Octubre cuando celebraremos un taller en el cual compartiremos las propuestas para el bosquete y el corredor verde, de forma que todas las personas interesadas validar\u00e1n c\u00f3mo responden las demandas ciudadanas.[\/vc_column_text][\/vc_column][\/vc_row][vc_row type=\u00bbin_container\u00bb full_screen_row_position=\u00bbmiddle\u00bb scene_position=\u00bbcenter\u00bb text_color=\u00bbdark\u00bb text_align=\u00bbleft\u00bb overlay_strength=\u00bb0.3&#8243;][vc_column column_padding=\u00bbno-extra-padding\u00bb column_padding_position=\u00bball\u00bb background_color_opacity=\u00bb1&#8243; background_hover_color_opacity=\u00bb1&#8243; column_shadow=\u00bbnone\u00bb width=\u00bb1\/1&#8243; tablet_text_alignment=\u00bbdefault\u00bb phone_text_alignment=\u00bbdefault\u00bb column_border_width=\u00bbnone\u00bb column_border_style=\u00bbsolid\u00bb][vc_video link=\u00bbhttps:\/\/youtu.be\/UJpqU81tWW4&#8243;][\/vc_column][\/vc_row]\n","protected":false},"excerpt":{"rendered":"<p>[vc_row type=\u00bbin_container\u00bb full_screen_row_position=\u00bbmiddle\u00bb scene_position=\u00bbcenter\u00bb text_color=\u00bbdark\u00bb text_align=\u00bbleft\u00bb overlay_strength=\u00bb0.3&#8243;][vc_column column_padding=\u00bbno-extra-padding\u00bb column_padding_position=\u00bball\u00bb background_color_opacity=\u00bb1&#8243; background_hover_color_opacity=\u00bb1&#8243; column_shadow=\u00bbnone\u00bb width=\u00bb1\/1&#8243; tablet_text_alignment=\u00bbdefault\u00bb phone_text_alignment=\u00bbdefault\u00bb column_border_width=\u00bbnone\u00bb column_border_style=\u00bbsolid\u00bb][vc_column_text]El pasado s\u00e1bado 29 de septiembre celebramos el primer taller vecinal \u201cEs Ciutat Fallera&#8230;<\/p>\n","protected":false},"author":2,"featured_media":1606,"comment_status":"closed","ping_status":"open","sticky":false,"template":"","format":"video","meta":{"footnotes":""},"categories":[24,1],"tags":[],"class_list":["post-1603","post","type-post","status-publish","format-video","has-post-thumbnail","hentry","category-participacion","category-sin-categorizar","post_format-post-format-video"],"_links":{"self":[{"href":"http:\/\/mesverdbenicalap.eu\/es\/wp-json\/wp\/v2\/posts\/1603\/"}],"collection":[{"href":"http:\/\/mesverdbenicalap.eu\/es\/wp-json\/wp\/v2\/posts\/"}],"about":[{"href":"http:\/\/mesverdbenicalap.eu\/es\/wp-json\/wp\/v2\/types\/post\/"}],"author":[{"embeddable":true,"href":"http:\/\/mesverdbenicalap.eu\/es\/wp-json\/wp\/v2\/users\/2\/"}],"replies":[{"embeddable":true,"href":"http:\/\/mesverdbenicalap.eu\/es\/wp-json\/wp\/v2\/comments\/?post=1603"}],"version-history":[{"count":1,"href":"http:\/\/mesverdbenicalap.eu\/es\/wp-json\/wp\/v2\/posts\/1603\/revisions\/"}],"predecessor-version":[{"id":1604,"href":"http:\/\/mesverdbenicalap.eu\/es\/wp-json\/wp\/v2\/posts\/1603\/revisions\/1604\/"}],"wp:featuredmedia":[{"embeddable":true,"href":"http:\/\/mesverdbenicalap.eu\/es\/wp-json\/wp\/v2\/media\/1606\/"}],"wp:attachment":[{"href":"http:\/\/mesverdbenicalap.eu\/es\/wp-json\/wp\/v2\/media\/?parent=1603"}],"wp:term":[{"taxonomy":"category","embeddable":true,"href":"http:\/\/mesverdbenicalap.eu\/es\/wp-json\/wp\/v2\/categories\/?post=1603"},{"taxonomy":"post_tag","embeddable":true,"href":"http:\/\/mesverdbenicalap.eu\/es\/wp-json\/wp\/v2\/tags\/?post=1603"}],"curies":[{"name":"wp","href":"https:\/\/api.w.org\/{rel}","templated":true}]}}