{"id":1620,"date":"2018-11-13T10:43:22","date_gmt":"2018-11-13T09:43:22","guid":{"rendered":"http:\/\/mesverdbenicalap.eu\/?p=1620"},"modified":"2018-11-13T13:50:03","modified_gmt":"2018-11-13T12:50:03","slug":"mesverdbenicalap-convoca-al-vecindario-para-validar-el-diseno-del-bosquete-y-el-corredor-verde-del-proyecto-growgreen","status":"publish","type":"post","link":"http:\/\/mesverdbenicalap.eu\/es\/mesverdbenicalap-convoca-al-vecindario-para-validar-el-diseno-del-bosquete-y-el-corredor-verde-del-proyecto-growgreen\/","title":{"rendered":"#M\u00e9sVerdBenicalap convoca al vecindario para validar el dise\u00f1o del bosquete y el corredor verde del proyecto GrowGreen"},"content":{"rendered":"[vc_row type=\u00bbin_container\u00bb full_screen_row_position=\u00bbmiddle\u00bb scene_position=\u00bbcenter\u00bb text_color=\u00bbdark\u00bb text_align=\u00bbleft\u00bb overlay_strength=\u00bb0.3&#8243;][vc_column column_padding=\u00bbno-extra-padding\u00bb column_padding_position=\u00bball\u00bb background_color_opacity=\u00bb1&#8243; background_hover_color_opacity=\u00bb1&#8243; column_shadow=\u00bbnone\u00bb width=\u00bb1\/1&#8243; tablet_text_alignment=\u00bbdefault\u00bb phone_text_alignment=\u00bbdefault\u00bb column_border_width=\u00bbnone\u00bb column_border_style=\u00bbsolid\u00bb][vc_column_text]<strong> \u00abDise\u00f1amos los proyectos para hacer m\u00e1s verde el barrio Ciutat Fallera\u00bb es el t\u00edtulo de este taller colaborativo, que se celebrar\u00e1 el pr\u00f3ximo mi\u00e9rcoles 21 de noviembre y que busca de nuevo las sugerencias, reivindicaciones y opiniones de los vecinos y vecinas para ejecutar las acciones pilotos contempladas en el proyecto europeo GrowGreen.<br \/>\nEste proceso de participaci\u00f3n forma parte del proyecto que pretende implementar lo que se denomina \u00absoluciones basadas en la naturaleza\u00bb en Benicalap, es decir, actuaciones verdes que mejoran el espacio p\u00fablico del barrio.<\/strong><\/p>\n<p>El pr\u00f3ximo mi\u00e9rcoles 21 de noviembre a las 18:30h y en la Nave del Gremio del Artista Fallero de Benicalap, los vecinos y vecinas de Benicalap volver\u00e1n a darse cita para participar en #M\u00e9sVerdBenicalap, el proceso colaborativo de dise\u00f1o de las acciones pilotos contempladas en el proyecto europeo GrowGreen, el cual est\u00e1 desarroll\u00e1ndose al barrio y que ejecutar\u00e1 acciones relacionadas con los desaf\u00edos del cambio clim\u00e1tico y la sostenibilidad.<\/p>\n<p>En concreto, el vecindario podr\u00e1 opinar y validar las propuestas de ejecuci\u00f3n de un bosquete sostenible y de un corredor verde en el barrio, ambas acciones piloto contempladas en el proyecto GrowGreen. La creaci\u00f3n del bosquete compensar\u00e1 las emisiones de CO2. Ser\u00e1 una nueva zona arbolada donde la gesti\u00f3n del agua y la energ\u00eda se realizar\u00e1 con criterios de m\u00e1xima sostenibilidad, el nuevo mobiliario estar\u00e1 hecho con materiales org\u00e1nicos, reciclados y certificados, y crear\u00e1 conexi\u00f3n con otras zonas verdes del vecindario, as\u00ed como fomentar\u00e1 h\u00e1bitats para la fauna local. Adem\u00e1s dentro del bosque habr\u00e1 un sistema de drenaje sostenible, es decir un dep\u00f3sito o estanque que recoger\u00e1 el agua de lluvia y la devolver\u00e1 m\u00e1s lentamente. En el taller se validar\u00e1 los usos sociales que incluir\u00e1 el bosquete as\u00ed como su dise\u00f1o, cuestiones que responden al proceso de participaci\u00f3n llevado a cabo hasta la fecha.<\/p>\n<p>El corredor verde, por su parte, ser\u00e1 una serie de zonas verdes peatonales y jardines que conectan otras \u00e1reas verdes del barrio. El objetivo es mejorar el espacio p\u00fablico con una perspectiva ecol\u00f3gica. Igualmente en el taller se contrastar\u00e1 la propuesta de localizaci\u00f3n del corredor y las propuestas de dise\u00f1o para cada una de les calles por donde pasar\u00e1.[\/vc_column_text][\/vc_column][\/vc_row]\n","protected":false},"excerpt":{"rendered":"<p>[vc_row type=\u00bbin_container\u00bb full_screen_row_position=\u00bbmiddle\u00bb scene_position=\u00bbcenter\u00bb text_color=\u00bbdark\u00bb text_align=\u00bbleft\u00bb overlay_strength=\u00bb0.3&#8243;][vc_column column_padding=\u00bbno-extra-padding\u00bb column_padding_position=\u00bball\u00bb background_color_opacity=\u00bb1&#8243; background_hover_color_opacity=\u00bb1&#8243; column_shadow=\u00bbnone\u00bb width=\u00bb1\/1&#8243; tablet_text_alignment=\u00bbdefault\u00bb phone_text_alignment=\u00bbdefault\u00bb column_border_width=\u00bbnone\u00bb column_border_style=\u00bbsolid\u00bb][vc_column_text] \u00abDise\u00f1amos los proyectos para hacer m\u00e1s verde el barrio Ciutat Fallera\u00bb es el&#8230;<\/p>\n","protected":false},"author":2,"featured_media":1675,"comment_status":"closed","ping_status":"open","sticky":false,"template":"","format":"standard","meta":{"footnotes":""},"categories":[24],"tags":[],"class_list":["post-1620","post","type-post","status-publish","format-standard","has-post-thumbnail","hentry","category-participacion"],"_links":{"self":[{"href":"http:\/\/mesverdbenicalap.eu\/es\/wp-json\/wp\/v2\/posts\/1620\/"}],"collection":[{"href":"http:\/\/mesverdbenicalap.eu\/es\/wp-json\/wp\/v2\/posts\/"}],"about":[{"href":"http:\/\/mesverdbenicalap.eu\/es\/wp-json\/wp\/v2\/types\/post\/"}],"author":[{"embeddable":true,"href":"http:\/\/mesverdbenicalap.eu\/es\/wp-json\/wp\/v2\/users\/2\/"}],"replies":[{"embeddable":true,"href":"http:\/\/mesverdbenicalap.eu\/es\/wp-json\/wp\/v2\/comments\/?post=1620"}],"version-history":[{"count":3,"href":"http:\/\/mesverdbenicalap.eu\/es\/wp-json\/wp\/v2\/posts\/1620\/revisions\/"}],"predecessor-version":[{"id":1677,"href":"http:\/\/mesverdbenicalap.eu\/es\/wp-json\/wp\/v2\/posts\/1620\/revisions\/1677\/"}],"wp:featuredmedia":[{"embeddable":true,"href":"http:\/\/mesverdbenicalap.eu\/es\/wp-json\/wp\/v2\/media\/1675\/"}],"wp:attachment":[{"href":"http:\/\/mesverdbenicalap.eu\/es\/wp-json\/wp\/v2\/media\/?parent=1620"}],"wp:term":[{"taxonomy":"category","embeddable":true,"href":"http:\/\/mesverdbenicalap.eu\/es\/wp-json\/wp\/v2\/categories\/?post=1620"},{"taxonomy":"post_tag","embeddable":true,"href":"http:\/\/mesverdbenicalap.eu\/es\/wp-json\/wp\/v2\/tags\/?post=1620"}],"curies":[{"name":"wp","href":"https:\/\/api.w.org\/{rel}","templated":true}]}}