{"id":1713,"date":"2018-11-22T13:51:50","date_gmt":"2018-11-22T12:51:50","guid":{"rendered":"http:\/\/mesverdbenicalap.eu\/?p=1713"},"modified":"2018-11-22T13:54:02","modified_gmt":"2018-11-22T12:54:02","slug":"mesverdbenicalap-prepara-un-concurso-ciudadano-para-elegir-proyectos-sostenibles-para-el-barrio","status":"publish","type":"post","link":"http:\/\/mesverdbenicalap.eu\/es\/mesverdbenicalap-prepara-un-concurso-ciudadano-para-elegir-proyectos-sostenibles-para-el-barrio\/","title":{"rendered":"#M\u00e9sVerdBenicalap prepara un concurso ciudadano para elegir proyectos sostenibles para el barrio"},"content":{"rendered":"<p><span style=\"color: #000000;\"><span style=\"font-family: Arial, sans-serif;\"><span style=\"font-size: small;\"><b>El lanzamiento de este concurso -que tendr\u00e1 una dotaci\u00f3n econ\u00f3mica de 50.000 euros repartidos entre las propuestas ganadoras- se enmarca dentro del proceso de participaci\u00f3n del proyecto GrowGreen que est\u00e1 desarroll\u00e1ndose desde hace meses en el barrio de Benicalap.<\/b><\/span><\/span><\/span><\/p>\n<p><span style=\"color: #000000;\"><span style=\"font-family: Arial, sans-serif;\"><span style=\"font-size: small;\"><b>La sesi\u00f3n participativa del pr\u00f3ximo lunes 26 de noviembre \u2013 a las 18:30h en el local Ultramarins154- decidir\u00e1 de manera conjunta los retos de este certamen que busca elegir iniciativas verdes colaborativas que mejoren el barrio.<\/b><\/span><\/span><\/span><\/p>\n<p><span style=\"color: #000000;\"><span style=\"font-family: Arial, sans-serif;\"><span style=\"font-size: small;\">La implementaci\u00f3n de soluciones basadas en la naturaleza en el barrio de Benicalap -objeto del proyecto europeo GrowGreen del que Val\u00e8ncia forma parte- ha entrado en una nueva fase del proceso de participaci\u00f3n #M\u00e9sVerdBenicalap que est\u00e1 celebr\u00e1ndose ahora mismo en el barrio. De manera inminente -a principios de 2019- se lanzar\u00e1 un concurso ciudadano que elegir\u00e1 los mejores proyectos sostenibles que resuelvan de manera colaborativa las problem\u00e1ticas vecinales de este distrito.<\/span><\/span><\/span><\/p>\n<p><span style=\"color: #000000;\"><span style=\"font-family: Arial, sans-serif;\"><span style=\"font-size: small;\">El pr\u00f3ximo lunes a las 18:30h se celebrar\u00e1 en el local Ultramarins154 (Avda Burjassot 154) una sesi\u00f3n participativa -dirigida por Paisaje Transversal, uno de los socios del proyecto junto con Las Naves, el Ayuntamiento de Val\u00e8ncia, la Universitat Polit\u00e8cnica de Val\u00e8ncia y Tecnalia- en la que se definir\u00e1n el retos de este concurso que entregar\u00e1 un total de 50.000 euros a las propuestas ganadoras (hasta 15.000 euros como m\u00e1ximo por cada una de ellas).<\/span><\/span><\/span><\/p>\n<p><span style=\"color: #000000;\"><span style=\"font-family: Arial, sans-serif;\"><span style=\"font-size: small;\"><b>Contra la pobreza energ\u00e9tica y el estr\u00e9s t\u00e9rmico<\/b><\/span><\/span><\/span><\/p>\n<p><span style=\"color: #000000;\"><span style=\"font-family: Arial, sans-serif;\"><span style=\"font-size: small;\">Este taller va dirigido al vecindario del barrio, as\u00ed como a profesionales, asociaciones o empresas interesadas en desarrollar proyectos medioambientalmente sostenibles que resuelvan problem\u00e1ticas o necesidades identificadas por la ciudadan\u00eda de Benicalap tanto generales como espec\u00edficas de un espacio concreto del barrio. Se priorizar\u00e1 aquellas soluciones basadas en la naturaleza -marcadas en el proyecto GrowGreen- que atiendan la pobreza energ\u00e9tica y el estr\u00e9s t\u00e9rmico. <\/span><\/span><\/span><\/p>\n<p><span style=\"color: #000000;\"><span style=\"font-family: Arial, sans-serif;\"><span style=\"font-size: small;\">Entre los criterios de selecci\u00f3n de las acciones ganadoras se han incluido el grado de innovaci\u00f3n de los proyectos, la participaci\u00f3n en el dise\u00f1o, la incorporaci\u00f3n de la transversalidad de g\u00e9nero, la capacidad de generar ocupaci\u00f3n o la introducci\u00f3n de los valores de la econom\u00eda social y solidaria.<br \/>\n<b><\/b><\/span><\/span><\/span><\/p>\n<p><span style=\"color: #000000;\"><span style=\"font-family: Arial, sans-serif;\"><span style=\"font-size: small;\"><b>Propuestas del proceso de participaci\u00f3n<\/b><\/span><\/span><\/span><\/p>\n<p><span style=\"color: #000000;\"><span style=\"font-family: Arial, sans-serif;\"><span style=\"font-size: small;\">El proceso de participaci\u00f3n #M\u00e9sVerdBenicalap -iniciado en el barrio desde el pasado mes de septiembre- ya ha recopilado algunas de las propuestas vecinales que incluir al proyecto GrowGreen, entre ellas la protecci\u00f3n y potenciaci\u00f3n de la Huerta -su integraci\u00f3n en el barrio y el acondicionamiento de los accesos-; la mejora de los espacios p\u00fablicos respecto a seguridad, inclusi\u00f3n y diversidad, aumento de zonas verdes, infantiles, de ocio, mobiliario urbano, etc.; o ideas verdes diversas que van desde acciones para potenciar el uso comunitario de energ\u00edas renovables o proteger la fauna, hasta huertos urbanos, una red de compostaje y puntos ecol\u00f3gicos, aumento de jardines o actividades de concienciaci\u00f3n contra el cambio clim\u00e1tico.<\/span><\/span><\/span><\/p>\n","protected":false},"excerpt":{"rendered":"<p>El lanzamiento de este concurso -que tendr\u00e1 una dotaci\u00f3n econ\u00f3mica de 50.000 euros repartidos entre las propuestas ganadoras- se enmarca dentro del proceso de participaci\u00f3n del proyecto GrowGreen que est\u00e1&#8230;<\/p>\n","protected":false},"author":2,"featured_media":1711,"comment_status":"closed","ping_status":"open","sticky":false,"template":"","format":"standard","meta":{"footnotes":""},"categories":[24],"tags":[],"class_list":["post-1713","post","type-post","status-publish","format-standard","has-post-thumbnail","hentry","category-participacion"],"_links":{"self":[{"href":"http:\/\/mesverdbenicalap.eu\/es\/wp-json\/wp\/v2\/posts\/1713\/"}],"collection":[{"href":"http:\/\/mesverdbenicalap.eu\/es\/wp-json\/wp\/v2\/posts\/"}],"about":[{"href":"http:\/\/mesverdbenicalap.eu\/es\/wp-json\/wp\/v2\/types\/post\/"}],"author":[{"embeddable":true,"href":"http:\/\/mesverdbenicalap.eu\/es\/wp-json\/wp\/v2\/users\/2\/"}],"replies":[{"embeddable":true,"href":"http:\/\/mesverdbenicalap.eu\/es\/wp-json\/wp\/v2\/comments\/?post=1713"}],"version-history":[{"count":3,"href":"http:\/\/mesverdbenicalap.eu\/es\/wp-json\/wp\/v2\/posts\/1713\/revisions\/"}],"predecessor-version":[{"id":1716,"href":"http:\/\/mesverdbenicalap.eu\/es\/wp-json\/wp\/v2\/posts\/1713\/revisions\/1716\/"}],"wp:featuredmedia":[{"embeddable":true,"href":"http:\/\/mesverdbenicalap.eu\/es\/wp-json\/wp\/v2\/media\/1711\/"}],"wp:attachment":[{"href":"http:\/\/mesverdbenicalap.eu\/es\/wp-json\/wp\/v2\/media\/?parent=1713"}],"wp:term":[{"taxonomy":"category","embeddable":true,"href":"http:\/\/mesverdbenicalap.eu\/es\/wp-json\/wp\/v2\/categories\/?post=1713"},{"taxonomy":"post_tag","embeddable":true,"href":"http:\/\/mesverdbenicalap.eu\/es\/wp-json\/wp\/v2\/tags\/?post=1713"}],"curies":[{"name":"wp","href":"https:\/\/api.w.org\/{rel}","templated":true}]}}