{"id":1722,"date":"2018-11-27T11:46:14","date_gmt":"2018-11-27T10:46:14","guid":{"rendered":"http:\/\/mesverdbenicalap.eu\/?p=1722"},"modified":"2018-11-28T16:25:40","modified_gmt":"2018-11-28T15:25:40","slug":"imagenes-4-2","status":"publish","type":"post","link":"http:\/\/mesverdbenicalap.eu\/es\/imagenes-4-2\/","title":{"rendered":"Tres meses de participaci\u00f3n en #M\u00e9sVerdBenicalap"},"content":{"rendered":"[vc_row type=\u00bbin_container\u00bb full_screen_row_position=\u00bbmiddle\u00bb scene_position=\u00bbcenter\u00bb text_color=\u00bbdark\u00bb text_align=\u00bbleft\u00bb overlay_strength=\u00bb0.3&#8243;][vc_column column_padding=\u00bbno-extra-padding\u00bb column_padding_position=\u00bball\u00bb background_color_opacity=\u00bb1&#8243; background_hover_color_opacity=\u00bb1&#8243; column_shadow=\u00bbnone\u00bb width=\u00bb1\/1&#8243; tablet_text_alignment=\u00bbdefault\u00bb phone_text_alignment=\u00bbdefault\u00bb column_border_width=\u00bbnone\u00bb column_border_style=\u00bbsolid\u00bb][vc_column_text]\n<p class=\"western\" lang=\"ca-ES\"><span lang=\"es-ES\">Pr\u00e1cticamente hemos finalizado la fase principal del proceso participativo #M\u00e9sVerdBenicalap. Durante m\u00e1s de tres meses hemos realizado actividades muy diversas para recoger ideas que mejoren los proyectos piloto de GrowGreen que van a realizarse en Ciudad Fallera y en Benicalap, y ahora toca dar paso a la ejecuci\u00f3n.<\/span><\/p>\n<p class=\"western\" lang=\"ca-ES\"><span lang=\"es-ES\">En concreto la participaci\u00f3n desarrollada el \u00faltimo mes ha estado dirigida a ampliar la opini\u00f3n de diferentes colectivos y profundizar sobre tem\u00e1ticas transversales al proceso como es la <strong>perspectiva de g\u00e9nero<\/strong>. Hemos desarrollado talleres con las <strong>personas mayores<\/strong> del barrio y hemos profundizado a trav\u00e9s de un taller espec\u00edfico, sobre la perspectiva de g\u00e9nero en el espacio p\u00fablico y los criterios de dise\u00f1o de las acciones. Adem\u00e1s durante dos semanas hemos estado dinamizando <strong>actividades pedag\u00f3gicas<\/strong> con todas las clases del <strong>CEIP de Ciudad del Artista Fallero<\/strong> y en el <strong>IES de Benicalap<\/strong> con el alumnado de 2\u00aa ESO, para pensar sobre la<strong> relaci\u00f3n de las ciudades con la naturaleza<\/strong> y recogiendo ideas para integrar en la medida de lo posible en los proyectos piloto de GrowGreen.<\/span><\/p>\n<p class=\"western\" lang=\"ca-ES\"><span lang=\"es-ES\">Gracias a la informaci\u00f3n ciudadana recogida en las diferentes actividades participativas, las y los especialistas de GrowGreen han tomado nuevas decisiones y avanzado sobre el desarrollo de los proyectos piloto. Por ejemplo una de las opciones m\u00e1s id\u00f3neas que se barajan para la <strong>localizaci\u00f3n del jard\u00edn vertical<\/strong> es la del CEIP Ciudad del Artista Fallero, gracias al inter\u00e9s mostrado en los talleres vecinales. Y en el caso del <strong>Corredor verde-azul<\/strong>, su dise\u00f1o cruzar\u00e1 las zonas denunciadas en el proceso participativo como las m\u00e1s degradadas del barrio, para con ello conseguir mejorar la calidad de vida de la ciudadan\u00eda de Ciudad Fallera. Esta informaci\u00f3n junto a una descripci\u00f3n detallada de los diferentes proyectos piloto fue compartida el pasado mi\u00e9rcoles 21 de noviembre en un taller vecinal en el que, las personas asistentes, pudieron aportar comentarios y dudas sobre los avances de los proyectos de GrowGreen. <\/span><\/p>\n<p class=\"western\" lang=\"ca-ES\"><span lang=\"es-ES\">Ahora s\u00f3lo nos queda acompa\u00f1ar la ejecuci\u00f3n de los proyectos, asegurarnos que las vecinas y vecinos pueden implicarse en algunas actividades relacionadas con la <strong>construcci\u00f3n colectiva<\/strong> o la <strong>gesti\u00f3n del Bosquete<\/strong> o del Corredor verde. Adem\u00e1s seguimos trabajando junto a las personas interesadas sobre el <strong>concurso de Iniciativas Verdes<\/strong> para Benicalap para desarrollar solucionar problemas vecinales con proyectos basados en la naturaleza, cuya convocatoria se lanzar\u00e1 en 2019.<\/span><\/p>\n[\/vc_column_text][\/vc_column][\/vc_row][vc_row type=\u00bbin_container\u00bb full_screen_row_position=\u00bbmiddle\u00bb scene_position=\u00bbcenter\u00bb text_color=\u00bbdark\u00bb text_align=\u00bbleft\u00bb overlay_strength=\u00bb0.3&#8243;][vc_column column_padding=\u00bbno-extra-padding\u00bb column_padding_position=\u00bball\u00bb background_color_opacity=\u00bb1&#8243; background_hover_color_opacity=\u00bb1&#8243; column_shadow=\u00bbnone\u00bb width=\u00bb1\/1&#8243; tablet_text_alignment=\u00bbdefault\u00bb phone_text_alignment=\u00bbdefault\u00bb column_border_width=\u00bbnone\u00bb column_border_style=\u00bbsolid\u00bb]<div class=\"img-with-aniamtion-wrap \" data-max-width=\"100%\"><div class=\"inner\"><img loading=\"lazy\" decoding=\"async\" data-shadow=\"none\" data-shadow-direction=\"middle\" class=\"img-with-animation \" data-delay=\"0\" height=\"1275\" width=\"1700\" data-animation=\"fade-in\" src=\"http:\/\/mesverdbenicalap.eu\/wp-content\/uploads\/2018\/11\/IMG_20181121_192340.jpg\"  alt=\"\" \/><\/div><\/div>[\/vc_column][\/vc_row][vc_row type=\u00bbin_container\u00bb full_screen_row_position=\u00bbmiddle\u00bb scene_position=\u00bbcenter\u00bb text_color=\u00bbdark\u00bb text_align=\u00bbleft\u00bb overlay_strength=\u00bb0.3&#8243;][vc_column column_padding=\u00bbno-extra-padding\u00bb column_padding_position=\u00bball\u00bb background_color_opacity=\u00bb1&#8243; background_hover_color_opacity=\u00bb1&#8243; column_shadow=\u00bbnone\u00bb width=\u00bb1\/2&#8243; tablet_text_alignment=\u00bbdefault\u00bb phone_text_alignment=\u00bbdefault\u00bb column_border_width=\u00bbnone\u00bb column_border_style=\u00bbsolid\u00bb]<div class=\"img-with-aniamtion-wrap \" data-max-width=\"100%\"><div class=\"inner\"><img loading=\"lazy\" decoding=\"async\" data-shadow=\"none\" data-shadow-direction=\"middle\" class=\"img-with-animation \" data-delay=\"0\" height=\"100\" width=\"100\" data-animation=\"none\" src=\"\"  alt=\"\" \/><\/div><\/div><div class=\"img-with-aniamtion-wrap \" data-max-width=\"100%\"><div class=\"inner\"><img loading=\"lazy\" decoding=\"async\" data-shadow=\"none\" data-shadow-direction=\"middle\" class=\"img-with-animation \" data-delay=\"0\" height=\"1333\" width=\"1000\" data-animation=\"fade-in\" src=\"http:\/\/mesverdbenicalap.eu\/wp-content\/uploads\/2018\/11\/IMG_20181121_193923.jpg\"  alt=\"\" \/><\/div><\/div><div class=\"img-with-aniamtion-wrap \" data-max-width=\"100%\"><div class=\"inner\"><img loading=\"lazy\" decoding=\"async\" data-shadow=\"none\" data-shadow-direction=\"middle\" class=\"img-with-animation \" data-delay=\"0\" height=\"1050\" width=\"1400\" data-animation=\"fade-in\" src=\"http:\/\/mesverdbenicalap.eu\/wp-content\/uploads\/2018\/11\/IMG_20181121_194033.jpg\"  alt=\"\" \/><\/div><\/div>[\/vc_column][vc_column column_padding=\u00bbno-extra-padding\u00bb column_padding_position=\u00bball\u00bb background_color_opacity=\u00bb1&#8243; background_hover_color_opacity=\u00bb1&#8243; column_shadow=\u00bbnone\u00bb width=\u00bb1\/2&#8243; tablet_text_alignment=\u00bbdefault\u00bb phone_text_alignment=\u00bbdefault\u00bb column_border_width=\u00bbnone\u00bb column_border_style=\u00bbsolid\u00bb]<div class=\"img-with-aniamtion-wrap \" data-max-width=\"100%\"><div class=\"inner\"><img loading=\"lazy\" decoding=\"async\" data-shadow=\"none\" data-shadow-direction=\"middle\" class=\"img-with-animation \" data-delay=\"0\" height=\"2448\" width=\"3264\" data-animation=\"none\" src=\"http:\/\/mesverdbenicalap.eu\/wp-content\/uploads\/2018\/11\/IMG_7074.jpg\"  alt=\"\" \/><\/div><\/div><div class=\"img-with-aniamtion-wrap \" data-max-width=\"100%\"><div class=\"inner\"><img loading=\"lazy\" decoding=\"async\" data-shadow=\"none\" data-shadow-direction=\"middle\" class=\"img-with-animation \" data-delay=\"0\" height=\"1500\" width=\"2000\" data-animation=\"fade-in\" src=\"http:\/\/mesverdbenicalap.eu\/wp-content\/uploads\/2018\/11\/IMG_20180929_114756.jpg\"  alt=\"\" \/><\/div><\/div>[\/vc_column][\/vc_row]\n","protected":false},"excerpt":{"rendered":"<p>[vc_row type=\u00bbin_container\u00bb full_screen_row_position=\u00bbmiddle\u00bb scene_position=\u00bbcenter\u00bb text_color=\u00bbdark\u00bb text_align=\u00bbleft\u00bb overlay_strength=\u00bb0.3&#8243;][vc_column column_padding=\u00bbno-extra-padding\u00bb column_padding_position=\u00bball\u00bb background_color_opacity=\u00bb1&#8243; background_hover_color_opacity=\u00bb1&#8243; column_shadow=\u00bbnone\u00bb width=\u00bb1\/1&#8243; tablet_text_alignment=\u00bbdefault\u00bb phone_text_alignment=\u00bbdefault\u00bb column_border_width=\u00bbnone\u00bb column_border_style=\u00bbsolid\u00bb][vc_column_text] Pr\u00e1cticamente hemos finalizado la fase principal del proceso participativo #M\u00e9sVerdBenicalap. Durante m\u00e1s de&#8230;<\/p>\n","protected":false},"author":2,"featured_media":1775,"comment_status":"closed","ping_status":"open","sticky":false,"template":"","format":"standard","meta":{"footnotes":""},"categories":[24],"tags":[],"class_list":["post-1722","post","type-post","status-publish","format-standard","has-post-thumbnail","hentry","category-participacion"],"_links":{"self":[{"href":"http:\/\/mesverdbenicalap.eu\/es\/wp-json\/wp\/v2\/posts\/1722\/"}],"collection":[{"href":"http:\/\/mesverdbenicalap.eu\/es\/wp-json\/wp\/v2\/posts\/"}],"about":[{"href":"http:\/\/mesverdbenicalap.eu\/es\/wp-json\/wp\/v2\/types\/post\/"}],"author":[{"embeddable":true,"href":"http:\/\/mesverdbenicalap.eu\/es\/wp-json\/wp\/v2\/users\/2\/"}],"replies":[{"embeddable":true,"href":"http:\/\/mesverdbenicalap.eu\/es\/wp-json\/wp\/v2\/comments\/?post=1722"}],"version-history":[{"count":7,"href":"http:\/\/mesverdbenicalap.eu\/es\/wp-json\/wp\/v2\/posts\/1722\/revisions\/"}],"predecessor-version":[{"id":1778,"href":"http:\/\/mesverdbenicalap.eu\/es\/wp-json\/wp\/v2\/posts\/1722\/revisions\/1778\/"}],"wp:featuredmedia":[{"embeddable":true,"href":"http:\/\/mesverdbenicalap.eu\/es\/wp-json\/wp\/v2\/media\/1775\/"}],"wp:attachment":[{"href":"http:\/\/mesverdbenicalap.eu\/es\/wp-json\/wp\/v2\/media\/?parent=1722"}],"wp:term":[{"taxonomy":"category","embeddable":true,"href":"http:\/\/mesverdbenicalap.eu\/es\/wp-json\/wp\/v2\/categories\/?post=1722"},{"taxonomy":"post_tag","embeddable":true,"href":"http:\/\/mesverdbenicalap.eu\/es\/wp-json\/wp\/v2\/tags\/?post=1722"}],"curies":[{"name":"wp","href":"https:\/\/api.w.org\/{rel}","templated":true}]}}