{"id":1756,"date":"2018-11-28T15:40:41","date_gmt":"2018-11-28T14:40:41","guid":{"rendered":"http:\/\/mesverdbenicalap.eu\/?p=1756"},"modified":"2018-11-28T16:29:55","modified_gmt":"2018-11-28T15:29:55","slug":"imagenes-4-2-2","status":"publish","type":"post","link":"http:\/\/mesverdbenicalap.eu\/es\/imagenes-4-2-2\/","title":{"rendered":"Hacia el concurso de \u00abIniciativas Verdes Colaborativas\u00bb"},"content":{"rendered":"[vc_row type=\u00bbin_container\u00bb full_screen_row_position=\u00bbmiddle\u00bb scene_position=\u00bbcenter\u00bb text_color=\u00bbdark\u00bb text_align=\u00bbleft\u00bb overlay_strength=\u00bb0.3&#8243;][vc_column column_padding=\u00bbno-extra-padding\u00bb column_padding_position=\u00bball\u00bb background_color_opacity=\u00bb1&#8243; background_hover_color_opacity=\u00bb1&#8243; column_shadow=\u00bbnone\u00bb width=\u00bb1\/1&#8243; tablet_text_alignment=\u00bbdefault\u00bb phone_text_alignment=\u00bbdefault\u00bb column_border_width=\u00bbnone\u00bb column_border_style=\u00bbsolid\u00bb][vc_column_text]\n<p class=\"western\" lang=\"ca-ES\"><span lang=\"es-ES\">La construcci\u00f3n del <strong>concurso para desarrollar Iniciativas Verdes Colaborativas<\/strong> en Benicalap est\u00e1 en marcha. El pasado d\u00eda 26 de noviembre convocamos una reuni\u00f3n para conectar a vecinas y vecinos con profesionales capaces de emprender iniciativas verdes en el barrio. La reuni\u00f3n fue en el local de la asociaci\u00f3n cultural Ultramarins 154 ubicada en la avenida Burjassot a la que les agradecemos su disponibilidad y apoyo al proceso. El objetivo de la sesi\u00f3n adem\u00e1s de conectar a personas fue revisar y repensar conjuntamente los <strong>retos del concurso<\/strong>, cuesti\u00f3n sobre la que seguimos trabajando hasta el futuro lanzamiento del concurso en 2019.<\/span><\/p>\n<p class=\"western\" lang=\"ca-ES\"><span lang=\"es-ES\">Vinieron <strong>diferentes profesionales dedicados a cuestiones ambientales, energ\u00e9ticas y pedag\u00f3gicas<\/strong>, de los cuales muchos tambi\u00e9n son residentes en el barrio. Entre las personas del barrio hubo <strong>representantes de asociaciones vecinales<\/strong> y de la<strong> zona de Huertos informales<\/strong> de Ciudad Fallera. El encuentro sirvi\u00f3 para conocerse e intercambiar inquietudes y posibilitar el desarrollo de proyectos en colectivo. Cada una de las personas asistentes contaron de d\u00f3nde ven\u00edan y sus ideas y despu\u00e9s realizamos un debate para revisar los retos del concurso. El resultado fue un listado de posibles retos que abordan cuestiones asociadas a la <strong>huerta<\/strong>, el <strong>espacio p\u00fablico<\/strong>, las <strong>redes de apoyo<\/strong> y los <strong>colectivos vulnerables<\/strong>, la <strong>sensibilizaci\u00f3n<\/strong> y <strong>concienciaci\u00f3n<\/strong>, al Gremio Fallero y a los proyectos piloto de GrowGreen.<\/span><\/p>\n<p class=\"western\" lang=\"ca-ES\"><span lang=\"es-ES\">Podemos decir que se ha creado un primer grupo de personas interesadas en dar forma a los retos del concurso y presentar proyectos gestados junto a las personas del barrio, ahora el objetivo es ampliar este grupo de personas implicadas y concretar las bases del concurso definitivas. Todas las personas interesadas pueden contactar con el equipo #M\u00e9sVerdBenicalap <\/span><span lang=\"es-ES\"><b>participa@mesverdbenicalap.com<\/b><\/span><\/p>\n<h2 class=\"western\"><\/h2>\n[\/vc_column_text][\/vc_column][\/vc_row][vc_row type=\u00bbin_container\u00bb full_screen_row_position=\u00bbmiddle\u00bb scene_position=\u00bbcenter\u00bb text_color=\u00bbdark\u00bb text_align=\u00bbleft\u00bb overlay_strength=\u00bb0.3&#8243;][vc_column column_padding=\u00bbno-extra-padding\u00bb column_padding_position=\u00bball\u00bb background_color_opacity=\u00bb1&#8243; background_hover_color_opacity=\u00bb1&#8243; column_shadow=\u00bbnone\u00bb width=\u00bb1\/2&#8243; tablet_text_alignment=\u00bbdefault\u00bb phone_text_alignment=\u00bbdefault\u00bb column_border_width=\u00bbnone\u00bb column_border_style=\u00bbsolid\u00bb]<div class=\"img-with-aniamtion-wrap \" data-max-width=\"100%\"><div class=\"inner\"><img loading=\"lazy\" decoding=\"async\" data-shadow=\"none\" data-shadow-direction=\"middle\" class=\"img-with-animation \" data-delay=\"0\" height=\"1275\" width=\"1700\" data-animation=\"fade-in\" src=\"http:\/\/mesverdbenicalap.eu\/wp-content\/uploads\/2018\/11\/IMG_20181126_185159.jpg\"  alt=\"\" \/><\/div><\/div>[\/vc_column][vc_column column_padding=\u00bbno-extra-padding\u00bb column_padding_position=\u00bball\u00bb background_color_opacity=\u00bb1&#8243; background_hover_color_opacity=\u00bb1&#8243; column_shadow=\u00bbnone\u00bb width=\u00bb1\/2&#8243; tablet_text_alignment=\u00bbdefault\u00bb phone_text_alignment=\u00bbdefault\u00bb column_border_width=\u00bbnone\u00bb column_border_style=\u00bbsolid\u00bb]<div class=\"img-with-aniamtion-wrap \" data-max-width=\"100%\"><div class=\"inner\"><img loading=\"lazy\" decoding=\"async\" data-shadow=\"none\" data-shadow-direction=\"middle\" class=\"img-with-animation \" data-delay=\"0\" height=\"1125\" width=\"1500\" data-animation=\"fade-in\" src=\"http:\/\/mesverdbenicalap.eu\/wp-content\/uploads\/2018\/11\/IMG_20181126_190613.jpg\"  alt=\"\" \/><\/div><\/div>[\/vc_column][\/vc_row][vc_row type=\u00bbin_container\u00bb full_screen_row_position=\u00bbmiddle\u00bb scene_position=\u00bbcenter\u00bb text_color=\u00bbdark\u00bb text_align=\u00bbleft\u00bb overlay_strength=\u00bb0.3&#8243;][vc_column column_padding=\u00bbno-extra-padding\u00bb column_padding_position=\u00bball\u00bb background_color_opacity=\u00bb1&#8243; background_hover_color_opacity=\u00bb1&#8243; column_shadow=\u00bbnone\u00bb width=\u00bb1\/2&#8243; tablet_text_alignment=\u00bbdefault\u00bb phone_text_alignment=\u00bbdefault\u00bb column_border_width=\u00bbnone\u00bb column_border_style=\u00bbsolid\u00bb]<div class=\"img-with-aniamtion-wrap \" data-max-width=\"100%\"><div class=\"inner\"><img loading=\"lazy\" decoding=\"async\" data-shadow=\"none\" data-shadow-direction=\"middle\" class=\"img-with-animation \" data-delay=\"0\" height=\"100\" width=\"100\" data-animation=\"none\" src=\"\"  alt=\"\" \/><\/div><\/div><div class=\"img-with-aniamtion-wrap \" data-max-width=\"100%\"><div class=\"inner\"><img loading=\"lazy\" decoding=\"async\" data-shadow=\"none\" data-shadow-direction=\"middle\" class=\"img-with-animation \" data-delay=\"0\" height=\"100\" width=\"100\" data-animation=\"fade-in\" src=\"\"  alt=\"\" \/><\/div><\/div><div class=\"img-with-aniamtion-wrap \" data-max-width=\"100%\"><div class=\"inner\"><img loading=\"lazy\" decoding=\"async\" data-shadow=\"none\" data-shadow-direction=\"middle\" class=\"img-with-animation \" data-delay=\"0\" height=\"100\" width=\"100\" data-animation=\"fade-in\" src=\"\"  alt=\"\" \/><\/div><\/div>[\/vc_column][vc_column column_padding=\u00bbno-extra-padding\u00bb column_padding_position=\u00bball\u00bb background_color_opacity=\u00bb1&#8243; background_hover_color_opacity=\u00bb1&#8243; column_shadow=\u00bbnone\u00bb width=\u00bb1\/2&#8243; tablet_text_alignment=\u00bbdefault\u00bb phone_text_alignment=\u00bbdefault\u00bb column_border_width=\u00bbnone\u00bb column_border_style=\u00bbsolid\u00bb]<div class=\"img-with-aniamtion-wrap \" data-max-width=\"100%\"><div class=\"inner\"><img loading=\"lazy\" decoding=\"async\" data-shadow=\"none\" data-shadow-direction=\"middle\" class=\"img-with-animation \" data-delay=\"0\" height=\"100\" width=\"100\" data-animation=\"none\" src=\"\"  alt=\"\" \/><\/div><\/div><div class=\"img-with-aniamtion-wrap \" data-max-width=\"100%\"><div class=\"inner\"><img loading=\"lazy\" decoding=\"async\" data-shadow=\"none\" data-shadow-direction=\"middle\" class=\"img-with-animation \" data-delay=\"0\" height=\"100\" width=\"100\" data-animation=\"fade-in\" src=\"\"  alt=\"\" \/><\/div><\/div>[\/vc_column][\/vc_row]\n","protected":false},"excerpt":{"rendered":"<p>[vc_row type=\u00bbin_container\u00bb full_screen_row_position=\u00bbmiddle\u00bb scene_position=\u00bbcenter\u00bb text_color=\u00bbdark\u00bb text_align=\u00bbleft\u00bb overlay_strength=\u00bb0.3&#8243;][vc_column column_padding=\u00bbno-extra-padding\u00bb column_padding_position=\u00bball\u00bb background_color_opacity=\u00bb1&#8243; background_hover_color_opacity=\u00bb1&#8243; column_shadow=\u00bbnone\u00bb width=\u00bb1\/1&#8243; tablet_text_alignment=\u00bbdefault\u00bb phone_text_alignment=\u00bbdefault\u00bb column_border_width=\u00bbnone\u00bb column_border_style=\u00bbsolid\u00bb][vc_column_text] La construcci\u00f3n del concurso para desarrollar Iniciativas Verdes Colaborativas en Benicalap est\u00e1 en&#8230;<\/p>\n","protected":false},"author":2,"featured_media":1780,"comment_status":"closed","ping_status":"open","sticky":false,"template":"","format":"standard","meta":{"footnotes":""},"categories":[24],"tags":[],"class_list":["post-1756","post","type-post","status-publish","format-standard","has-post-thumbnail","hentry","category-participacion"],"_links":{"self":[{"href":"http:\/\/mesverdbenicalap.eu\/es\/wp-json\/wp\/v2\/posts\/1756\/"}],"collection":[{"href":"http:\/\/mesverdbenicalap.eu\/es\/wp-json\/wp\/v2\/posts\/"}],"about":[{"href":"http:\/\/mesverdbenicalap.eu\/es\/wp-json\/wp\/v2\/types\/post\/"}],"author":[{"embeddable":true,"href":"http:\/\/mesverdbenicalap.eu\/es\/wp-json\/wp\/v2\/users\/2\/"}],"replies":[{"embeddable":true,"href":"http:\/\/mesverdbenicalap.eu\/es\/wp-json\/wp\/v2\/comments\/?post=1756"}],"version-history":[{"count":3,"href":"http:\/\/mesverdbenicalap.eu\/es\/wp-json\/wp\/v2\/posts\/1756\/revisions\/"}],"predecessor-version":[{"id":1769,"href":"http:\/\/mesverdbenicalap.eu\/es\/wp-json\/wp\/v2\/posts\/1756\/revisions\/1769\/"}],"wp:featuredmedia":[{"embeddable":true,"href":"http:\/\/mesverdbenicalap.eu\/es\/wp-json\/wp\/v2\/media\/1780\/"}],"wp:attachment":[{"href":"http:\/\/mesverdbenicalap.eu\/es\/wp-json\/wp\/v2\/media\/?parent=1756"}],"wp:term":[{"taxonomy":"category","embeddable":true,"href":"http:\/\/mesverdbenicalap.eu\/es\/wp-json\/wp\/v2\/categories\/?post=1756"},{"taxonomy":"post_tag","embeddable":true,"href":"http:\/\/mesverdbenicalap.eu\/es\/wp-json\/wp\/v2\/tags\/?post=1756"}],"curies":[{"name":"wp","href":"https:\/\/api.w.org\/{rel}","templated":true}]}}