{"id":1794,"date":"2019-03-27T12:22:46","date_gmt":"2019-03-27T11:22:46","guid":{"rendered":"http:\/\/mesverdbenicalap.eu\/reportatge-sobre-growgreen-en-equipamientos-y-servicios-municipales\/"},"modified":"2019-03-27T13:14:55","modified_gmt":"2019-03-27T12:14:55","slug":"reportatge-sobre-growgreen-en-equipamientos-y-servicios-municipales","status":"publish","type":"post","link":"http:\/\/mesverdbenicalap.eu\/es\/reportatge-sobre-growgreen-en-equipamientos-y-servicios-municipales\/","title":{"rendered":"GrowGreen en la prensa"},"content":{"rendered":"<p>La revista <a href=\"https:\/\/www.eysmunicipales.es\/\">Equipamientos y Servicios Municipale<\/a>s publica un reportaje sobre el proyecto GrowGreen #M\u00e9sVerdBenicalap. Puedes leerlo <a href=\"https:\/\/www.eysmunicipales.es\/revista\/archivo\/primer-trimestre-2019\">aqu\u00ed mismo<\/a>, en la p\u00e1gina 112<\/p>\n","protected":false},"excerpt":{"rendered":"<p>La revista Equipamientos y Servicios Municipales publica un reportaje sobre el proyecto GrowGreen #M\u00e9sVerdBenicalap. Puedes leerlo aqu\u00ed mismo, en la p\u00e1gina 112<\/p>\n","protected":false},"author":2,"featured_media":1796,"comment_status":"closed","ping_status":"closed","sticky":false,"template":"","format":"standard","meta":{"footnotes":""},"categories":[35,36],"tags":[],"class_list":["post-1794","post","type-post","status-publish","format-standard","has-post-thumbnail","hentry","category-premsa-es","category-prensa"],"_links":{"self":[{"href":"http:\/\/mesverdbenicalap.eu\/es\/wp-json\/wp\/v2\/posts\/1794\/"}],"collection":[{"href":"http:\/\/mesverdbenicalap.eu\/es\/wp-json\/wp\/v2\/posts\/"}],"about":[{"href":"http:\/\/mesverdbenicalap.eu\/es\/wp-json\/wp\/v2\/types\/post\/"}],"author":[{"embeddable":true,"href":"http:\/\/mesverdbenicalap.eu\/es\/wp-json\/wp\/v2\/users\/2\/"}],"replies":[{"embeddable":true,"href":"http:\/\/mesverdbenicalap.eu\/es\/wp-json\/wp\/v2\/comments\/?post=1794"}],"version-history":[{"count":1,"href":"http:\/\/mesverdbenicalap.eu\/es\/wp-json\/wp\/v2\/posts\/1794\/revisions\/"}],"predecessor-version":[{"id":1795,"href":"http:\/\/mesverdbenicalap.eu\/es\/wp-json\/wp\/v2\/posts\/1794\/revisions\/1795\/"}],"wp:featuredmedia":[{"embeddable":true,"href":"http:\/\/mesverdbenicalap.eu\/es\/wp-json\/wp\/v2\/media\/1796\/"}],"wp:attachment":[{"href":"http:\/\/mesverdbenicalap.eu\/es\/wp-json\/wp\/v2\/media\/?parent=1794"}],"wp:term":[{"taxonomy":"category","embeddable":true,"href":"http:\/\/mesverdbenicalap.eu\/es\/wp-json\/wp\/v2\/categories\/?post=1794"},{"taxonomy":"post_tag","embeddable":true,"href":"http:\/\/mesverdbenicalap.eu\/es\/wp-json\/wp\/v2\/tags\/?post=1794"}],"curies":[{"name":"wp","href":"https:\/\/api.w.org\/{rel}","templated":true}]}}