{"id":1839,"date":"2019-06-12T15:54:13","date_gmt":"2019-06-12T13:54:13","guid":{"rendered":"http:\/\/mesverdbenicalap.eu\/?p=1839"},"modified":"2019-06-13T11:10:12","modified_gmt":"2019-06-13T09:10:12","slug":"asamblea-general-de-growgreen-en-breslavia-polonia","status":"publish","type":"post","link":"http:\/\/mesverdbenicalap.eu\/es\/asamblea-general-de-growgreen-en-breslavia-polonia\/","title":{"rendered":"Asamblea General de GrowGreen en Breslavia (Polonia)"},"content":{"rendered":"<p>Esta semana estamos en Breslavia (Polonia) en la Asamblea General de GrowGreen. Del 11 al 13 de junio trabajamos en las Soluciones Basadas en la Naturaleza que mejorar\u00e1n el barrio de Benicalap. Estamos explicando el estado de las acciones piloto: ecosistema vertical, corredor verde\/azul, cubierta verde y bosquete sostenible. El socio Paisaje Transversal detalla c\u00f3mo es el proceso de participaci\u00f3n para implicar al vecindario y hacer m\u00e1s sostenible el barrio; y hemos visitado la ciudad polaca, socia tambi\u00e9n de la iniciativa europea, para conocer las acciones que se desarrollar\u00e1n en el marco del proyecto. Puedes echar un vistazo a todas las fotos:<br \/>\n<img loading=\"lazy\" decoding=\"async\" src=\"http:\/\/mesverdbenicalap.eu\/wp-content\/uploads\/2019\/06\/Captura-de-pantalla-de-2019-06-12-11-41-08.png\" alt=\"\" width=\"1176\" height=\"777\" class=\"alignnone size-full wp-image-1804\" \/> <img loading=\"lazy\" decoding=\"async\" src=\"http:\/\/mesverdbenicalap.eu\/wp-content\/uploads\/2019\/06\/Captura-de-pantalla-de-2019-06-12-11-59-54.png\" alt=\"\" width=\"651\" height=\"876\" class=\"alignnone size-full wp-image-1806\" \/> <img loading=\"lazy\" decoding=\"async\" src=\"http:\/\/mesverdbenicalap.eu\/wp-content\/uploads\/2019\/06\/Captura-de-pantalla-de-2019-06-12-11-59-59.png\" alt=\"\" width=\"1161\" height=\"874\" class=\"alignnone size-full wp-image-1808\" \/> <img loading=\"lazy\" decoding=\"async\" src=\"http:\/\/mesverdbenicalap.eu\/wp-content\/uploads\/2019\/06\/Captura-de-pantalla-de-2019-06-12-12-00-04.png\" alt=\"\" width=\"1161\" height=\"875\" class=\"alignnone size-full wp-image-1810\" \/> <img loading=\"lazy\" decoding=\"async\" src=\"http:\/\/mesverdbenicalap.eu\/wp-content\/uploads\/2019\/06\/IMG-20190612-WA0002.jpg\" alt=\"\" width=\"1600\" height=\"1200\" class=\"alignnone size-full wp-image-1814\" \/>  <img loading=\"lazy\" decoding=\"async\" src=\"http:\/\/mesverdbenicalap.eu\/wp-content\/uploads\/2019\/06\/IMG-20190612-WA0014.jpg\" alt=\"\" width=\"1600\" height=\"1200\" class=\"alignnone size-full wp-image-1828\" \/> <img loading=\"lazy\" decoding=\"async\" src=\"http:\/\/mesverdbenicalap.eu\/wp-content\/uploads\/2019\/06\/IMG-20190612-WA0009.jpg\" alt=\"\" width=\"1600\" height=\"1200\" class=\"alignnone size-full wp-image-1820\" \/> <\/p>\n","protected":false},"excerpt":{"rendered":"<p>Esta semana estamos en Breslavia (Polonia) en la Asamblea General de GrowGreen. Del 11 al 13 de junio trabajamos en las Soluciones Basadas en la Naturaleza que mejorar\u00e1n el barrio&#8230;<\/p>\n","protected":false},"author":2,"featured_media":1805,"comment_status":"closed","ping_status":"closed","sticky":false,"template":"","format":"standard","meta":{"footnotes":""},"categories":[37],"tags":[],"class_list":["post-1839","post","type-post","status-publish","format-standard","has-post-thumbnail","hentry","category-eventos"],"_links":{"self":[{"href":"http:\/\/mesverdbenicalap.eu\/es\/wp-json\/wp\/v2\/posts\/1839\/"}],"collection":[{"href":"http:\/\/mesverdbenicalap.eu\/es\/wp-json\/wp\/v2\/posts\/"}],"about":[{"href":"http:\/\/mesverdbenicalap.eu\/es\/wp-json\/wp\/v2\/types\/post\/"}],"author":[{"embeddable":true,"href":"http:\/\/mesverdbenicalap.eu\/es\/wp-json\/wp\/v2\/users\/2\/"}],"replies":[{"embeddable":true,"href":"http:\/\/mesverdbenicalap.eu\/es\/wp-json\/wp\/v2\/comments\/?post=1839"}],"version-history":[{"count":1,"href":"http:\/\/mesverdbenicalap.eu\/es\/wp-json\/wp\/v2\/posts\/1839\/revisions\/"}],"predecessor-version":[{"id":1840,"href":"http:\/\/mesverdbenicalap.eu\/es\/wp-json\/wp\/v2\/posts\/1839\/revisions\/1840\/"}],"wp:featuredmedia":[{"embeddable":true,"href":"http:\/\/mesverdbenicalap.eu\/es\/wp-json\/wp\/v2\/media\/1805\/"}],"wp:attachment":[{"href":"http:\/\/mesverdbenicalap.eu\/es\/wp-json\/wp\/v2\/media\/?parent=1839"}],"wp:term":[{"taxonomy":"category","embeddable":true,"href":"http:\/\/mesverdbenicalap.eu\/es\/wp-json\/wp\/v2\/categories\/?post=1839"},{"taxonomy":"post_tag","embeddable":true,"href":"http:\/\/mesverdbenicalap.eu\/es\/wp-json\/wp\/v2\/tags\/?post=1839"}],"curies":[{"name":"wp","href":"https:\/\/api.w.org\/{rel}","templated":true}]}}