{"id":1912,"date":"2020-11-03T13:01:31","date_gmt":"2020-11-03T12:01:31","guid":{"rendered":"http:\/\/mesverdbenicalap.eu\/?p=1912"},"modified":"2020-11-03T13:03:12","modified_gmt":"2020-11-03T12:03:12","slug":"el-espai-verd-benicalap-abre-sus-puertas-con-15-parcelas-de-huertos-urbanos-y-el-impulso-al-asociacionismo","status":"publish","type":"post","link":"http:\/\/mesverdbenicalap.eu\/es\/el-espai-verd-benicalap-abre-sus-puertas-con-15-parcelas-de-huertos-urbanos-y-el-impulso-al-asociacionismo\/","title":{"rendered":"El Espai Verd Benicalap abre sus puertas con 15 parcelas de huertos urbanos y el impulso al asociacionismo"},"content":{"rendered":"<p>El nuevo Espai Verd Benicalap, ubicado entre las calles Salvador Cerver\u00f3 i Carlos Cortina de Val\u00e8ncia, ha sido inaugurado esta ma\u00f1ana con una jornada de puertas abiertas a la ciudadan\u00eda. Este proyecto es uno de los ganadores del reciente Concurso de Iniciativas Verdes Colaborativas, un certamen de ideas convocado por el ambicioso proyecto europeo GrowGreen, que se desarrolla en el barrio y que tiene como objetivo la inversi\u00f3n y puesta en valor de acciones y soluciones basadas en la naturaleza.<\/p>\n<p>El Espai Verd Benicalap es una actuaci\u00f3n que propone la creaci\u00f3n, en una \u00e1rea de casi 1.900 metros cuadrados, de un espacio socio-educativo que fomenta la vinculaci\u00f3n del barrio con la huerta adyacente, revitaliza el tejido social de Benicalap y sirve de catalizador de procesos de aprendizaje sobre el medio ambiente y la sostenibilidad.<\/p>\n<p>Con esos objetivos, se ha trabajado ya este primer d\u00eda de apertura de puertas. Los vecinos y vecinas de Benicalap han podido plantar \u00e1rboles y colaborar en la adecuaci\u00f3n de un futuro jard\u00edn, as\u00ed como, a trav\u00e9s de las asociaciones, podr\u00e1n participar en la creaci\u00f3n de huertos urbanos comunitarios en este espacio. En total se adecuar\u00e1n 15 parcelas de cultivos ecol\u00f3gicos y cada parcela ser\u00e1 asignada a una asociaci\u00f3n del barrio para el uso de cada uno de sus miembros.<\/p>\n<p><strong>Participaci\u00f3n Ciudadana<\/strong><\/p>\n<p>El concejal de Innovaci\u00f3n y Gesti\u00f3n del Conocimiento, Carlos Galiana, quien ha estado presente en la inauguraci\u00f3n, ha se\u00f1alado: \u201ceste proyecto tiene una triple direcci\u00f3n, por un lado genera la conciencia y la vinculaci\u00f3n con la huerta, por otra trabaja el respeto por el medio ambiente, y por \u00faltimo, impulsa el tejido asociativo del barrio, el cual es muy necesario y, a buen seguro, nos traer\u00e1 beneficios como son las iniciativas conjuntas surgidas de la participaci\u00f3n ciudadana\u201d<\/p>\n<p>El proyecto Espai Verd Benicalap ha sido lanzado por las asociaciones Ultramarins 154, Mariposas Ca\u00f3ticas y Makiri Nau; y se beneficiar\u00e1n de \u00e9ste la AAVV Benicalap, la Asociaci\u00f3n Valenciana de Caridad y los centros educativos CEIP Ciudad del Artista Fallero y el IES Benicalap.<\/p>\n<p><strong>Centre C\u00edvic Verd<\/strong><\/p>\n<p>Una vez inaugurado el Espai Verd Benicalap, se inicia ahora el proceso de construcci\u00f3n del Centre C\u00edvic Verd en su interior. Esta infraestructura, tambi\u00e9n premiada en el Concurso de Iniciativas Verdes de GrowGreen, corre a cargo de la asociaci\u00f3n Arrelaires. El centro se ubicar\u00e1 en el mismo solar y constar\u00e1 de la construcci\u00f3n colaborativa de una p\u00e9rgola, la cual estar\u00e1 finalizada en el periodo aproximado de 7 meses.<\/p>\n<p>En este centro est\u00e1 prevista la celebraci\u00f3n de talleres medioambientales, de eficiencia energ\u00e9tica, etc. y se pondr\u00e1 a disposici\u00f3n de las asociaciones integrantes de los proyectos para que puedan realizar sus reuniones o cualquier otra actividad.<\/p>\n<p><strong>Proyecto GrowGreen<\/strong><\/p>\n<p>Tanto l\u2019Espai Verd Benicalap como el Centre C\u00edvic Verd forman parte de las numerosas actuaciones que est\u00e1n llev\u00e1ndose a cabo en el marco del proyecto europeo GrowGreen, desarrollado por Las Naves, conjuntamente con el Ayuntamiento de Val\u00e8ncia y otros socios locales como Paisaje Transversal, la Universitat Polit\u00e8cnica de Val\u00e8ncia, Bipolaire y Tecnalia.<\/p>\n<p>El proyecto GrowGreen promueve en el barrio iniciativas colaborativas comunitarias relacionadas con la sostenibilidad urbana, y planifica acciones diversas como son un jard\u00edn vertical, un bosquete contra el cambio clim\u00e1tico o un corredor verde-azul, todas soluciones basadas en la naturaleza que pueden dar respuesta a los retos y las necesidades que plantean las ciudades y a los desaf\u00edos del cambio clim\u00e1tico.<\/p>\n<p><img loading=\"lazy\" decoding=\"async\" class=\"alignnone size-full wp-image-1897\" src=\"http:\/\/mesverdbenicalap.eu\/wp-content\/uploads\/2020\/11\/IMG_20201031_124244.jpg\" alt=\"\" width=\"800\" height=\"600\" \/><img loading=\"lazy\" decoding=\"async\" class=\"alignnone size-full wp-image-1900\" src=\"http:\/\/mesverdbenicalap.eu\/wp-content\/uploads\/2020\/11\/IMG_20201031_122411.jpg\" alt=\"\" width=\"800\" height=\"600\" \/><img loading=\"lazy\" decoding=\"async\" class=\"alignnone size-full wp-image-1906\" src=\"http:\/\/mesverdbenicalap.eu\/wp-content\/uploads\/2020\/11\/IMG_20201031_122334.jpg\" alt=\"\" width=\"800\" height=\"600\" \/><img loading=\"lazy\" decoding=\"async\" class=\"alignnone size-full wp-image-1904\" src=\"http:\/\/mesverdbenicalap.eu\/wp-content\/uploads\/2020\/11\/IMG_20201031_121056.jpg\" alt=\"\" width=\"800\" height=\"600\" \/><img loading=\"lazy\" decoding=\"async\" class=\"alignnone size-full wp-image-1908\" src=\"http:\/\/mesverdbenicalap.eu\/wp-content\/uploads\/2020\/11\/IMG_20201031_122831.jpg\" alt=\"\" width=\"800\" height=\"600\" \/><img loading=\"lazy\" decoding=\"async\" class=\"alignnone size-full wp-image-1910\" src=\"http:\/\/mesverdbenicalap.eu\/wp-content\/uploads\/2020\/11\/IMG_20201031_123819.jpg\" alt=\"\" width=\"800\" height=\"600\" \/><\/p>\n","protected":false},"excerpt":{"rendered":"<p>El nuevo Espai Verd Benicalap, ubicado entre las calles Salvador Cerver\u00f3 i Carlos Cortina de Val\u00e8ncia, ha sido inaugurado esta ma\u00f1ana con una jornada de puertas abiertas a la ciudadan\u00eda&#8230;.<\/p>\n","protected":false},"author":2,"featured_media":1900,"comment_status":"closed","ping_status":"closed","sticky":false,"template":"","format":"standard","meta":{"footnotes":""},"categories":[27,33],"tags":[],"class_list":["post-1912","post","type-post","status-publish","format-standard","has-post-thumbnail","hentry","category-presentacio","category-proyectos"],"_links":{"self":[{"href":"http:\/\/mesverdbenicalap.eu\/es\/wp-json\/wp\/v2\/posts\/1912\/"}],"collection":[{"href":"http:\/\/mesverdbenicalap.eu\/es\/wp-json\/wp\/v2\/posts\/"}],"about":[{"href":"http:\/\/mesverdbenicalap.eu\/es\/wp-json\/wp\/v2\/types\/post\/"}],"author":[{"embeddable":true,"href":"http:\/\/mesverdbenicalap.eu\/es\/wp-json\/wp\/v2\/users\/2\/"}],"replies":[{"embeddable":true,"href":"http:\/\/mesverdbenicalap.eu\/es\/wp-json\/wp\/v2\/comments\/?post=1912"}],"version-history":[{"count":3,"href":"http:\/\/mesverdbenicalap.eu\/es\/wp-json\/wp\/v2\/posts\/1912\/revisions\/"}],"predecessor-version":[{"id":1915,"href":"http:\/\/mesverdbenicalap.eu\/es\/wp-json\/wp\/v2\/posts\/1912\/revisions\/1915\/"}],"wp:featuredmedia":[{"embeddable":true,"href":"http:\/\/mesverdbenicalap.eu\/es\/wp-json\/wp\/v2\/media\/1900\/"}],"wp:attachment":[{"href":"http:\/\/mesverdbenicalap.eu\/es\/wp-json\/wp\/v2\/media\/?parent=1912"}],"wp:term":[{"taxonomy":"category","embeddable":true,"href":"http:\/\/mesverdbenicalap.eu\/es\/wp-json\/wp\/v2\/categories\/?post=1912"},{"taxonomy":"post_tag","embeddable":true,"href":"http:\/\/mesverdbenicalap.eu\/es\/wp-json\/wp\/v2\/tags\/?post=1912"}],"curies":[{"name":"wp","href":"https:\/\/api.w.org\/{rel}","templated":true}]}}