{"id":1916,"date":"2020-10-29T08:54:48","date_gmt":"2020-10-29T07:54:48","guid":{"rendered":"http:\/\/mesverdbenicalap.eu\/?p=1916"},"modified":"2020-12-10T09:19:00","modified_gmt":"2020-12-10T08:19:00","slug":"1916","status":"publish","type":"post","link":"http:\/\/mesverdbenicalap.eu\/es\/1916\/","title":{"rendered":"Dispositivo de resiliencia urbana en el IES Benicalap"},"content":{"rendered":"<p>Contin\u00faa en marcha el proyecto para crear un dispositivo de resiliencia urbana que ampl\u00edo las zonas de sombra del patio del IES Benicalap, con el objetivo que \u00e9ste sea un espacio m\u00e1s fresco, m\u00e1s amable y m\u00e1s verde.<\/p>\n<p>Los responsables del proyecto, ya han celebrado varias sesiones informativas con la AMPA y el profesorado del centro, los cuales participar\u00e1n en la medida de lo posible en el montaje del dispositivo en diciembre.<\/p>\n<p>Adem\u00e1s, tambi\u00e9n han empezado las sesiones pedag\u00f3gicas con los alumnos de 4.\u00ba de ESO y del Ciclo Artista Fallero, los cuales han recibido sesiones de sensibilizaci\u00f3n ambiental, han intercambiado necesidades y aportaciones sobre el uso del patio y est\u00e1n trabajando el dise\u00f1o del dispositivo.<\/p>\n","protected":false},"excerpt":{"rendered":"<p>Contin\u00faa en marcha el proyecto para crear un dispositivo de resiliencia urbana que ampl\u00edo las zonas de sombra del patio del IES Benicalap, con el objetivo que \u00e9ste sea un&#8230;<\/p>\n","protected":false},"author":2,"featured_media":1894,"comment_status":"closed","ping_status":"closed","sticky":false,"template":"","format":"standard","meta":{"footnotes":""},"categories":[24,32],"tags":[],"class_list":["post-1916","post","type-post","status-publish","format-standard","has-post-thumbnail","hentry","category-participacion","category-projectes-es"],"_links":{"self":[{"href":"http:\/\/mesverdbenicalap.eu\/es\/wp-json\/wp\/v2\/posts\/1916\/"}],"collection":[{"href":"http:\/\/mesverdbenicalap.eu\/es\/wp-json\/wp\/v2\/posts\/"}],"about":[{"href":"http:\/\/mesverdbenicalap.eu\/es\/wp-json\/wp\/v2\/types\/post\/"}],"author":[{"embeddable":true,"href":"http:\/\/mesverdbenicalap.eu\/es\/wp-json\/wp\/v2\/users\/2\/"}],"replies":[{"embeddable":true,"href":"http:\/\/mesverdbenicalap.eu\/es\/wp-json\/wp\/v2\/comments\/?post=1916"}],"version-history":[{"count":4,"href":"http:\/\/mesverdbenicalap.eu\/es\/wp-json\/wp\/v2\/posts\/1916\/revisions\/"}],"predecessor-version":[{"id":2024,"href":"http:\/\/mesverdbenicalap.eu\/es\/wp-json\/wp\/v2\/posts\/1916\/revisions\/2024\/"}],"wp:featuredmedia":[{"embeddable":true,"href":"http:\/\/mesverdbenicalap.eu\/es\/wp-json\/wp\/v2\/media\/1894\/"}],"wp:attachment":[{"href":"http:\/\/mesverdbenicalap.eu\/es\/wp-json\/wp\/v2\/media\/?parent=1916"}],"wp:term":[{"taxonomy":"category","embeddable":true,"href":"http:\/\/mesverdbenicalap.eu\/es\/wp-json\/wp\/v2\/categories\/?post=1916"},{"taxonomy":"post_tag","embeddable":true,"href":"http:\/\/mesverdbenicalap.eu\/es\/wp-json\/wp\/v2\/tags\/?post=1916"}],"curies":[{"name":"wp","href":"https:\/\/api.w.org\/{rel}","templated":true}]}}