{"id":1922,"date":"2020-09-02T10:13:50","date_gmt":"2020-09-02T08:13:50","guid":{"rendered":"http:\/\/mesverdbenicalap.eu\/?p=1922"},"modified":"2020-11-04T10:14:24","modified_gmt":"2020-11-04T09:14:24","slug":"una-estacion-de-seguimiento-de-murcielagos-instalada-en-el-parque-de-benicalap-ayudara-a-combatir-plagas-urbanas-y-agricolas","status":"publish","type":"post","link":"http:\/\/mesverdbenicalap.eu\/es\/una-estacion-de-seguimiento-de-murcielagos-instalada-en-el-parque-de-benicalap-ayudara-a-combatir-plagas-urbanas-y-agricolas\/","title":{"rendered":"Una estaci\u00f3n de seguimiento de murci\u00e9lagos instalada en el Parque de Benicalap ayudar\u00e1 a combatir plagas urbanas y agr\u00edcolas"},"content":{"rendered":"<p>Una grabadora de ultrasonidos recoger\u00e1, durante seis meses, la actividad de murci\u00e9lagos en el Parque de Benicalap para conocer la densidad y diversidad de especies en la zona. Se trata de la primera acci\u00f3n de \u201cAliats alats\u201d, uno de los proyectos ganadores del Concurso de Ideas Verdes Colaborativas convocado por Las Naves, en colaboraci\u00f3n con Paisaje Transversal.<\/p>\n<p>Esta convocatoria estaba enmarcada en la iniciativa M\u00e9s Verd Benicalap dentro del proyecto GrowGreen, que gestiona en Val\u00e8ncia la Concejal\u00eda de Emergencia Clim\u00e1tica y Transici\u00f3n con el centro de innovaci\u00f3n. Con el concurso se pretendi\u00f3 que ser\u00edan las personas y asociaciones del barrio las que propusieron acciones sobre problemas con los cuales conviv\u00edan y que se pueden resolver con Soluciones Basadas en la Naturaleza.<\/p>\n<p>Una de las propuestas presentadas, y que result\u00f3 una de las ganadoras, es \u201cAliats alats\u2019, del Taller de Gesti\u00f3n Ambiental C\u00c0DEC, el objetivo del cual es dar respuesta a los problemas derivados de plagas de insectos en el barrio. La primera acci\u00f3n puesta en marcha ha sido la instalaci\u00f3n durante seis meses de una grabadora de ultrasonidos que proporcionar\u00e1 datos sobre los murci\u00e9lagos de la zona: cu\u00e1ntos hay, de qu\u00e9 especie son y cu\u00e1l es su actividad.<\/p>\n<p>A partir de los datos recogidos se instalar\u00e1n cajas-nido para preservar y mejorar las poblaciones de estos animales, con el consiguiente beneficio para las personas, as\u00ed como para los cultivos y la masa forestal.<\/p>\n","protected":false},"excerpt":{"rendered":"<p>Una grabadora de ultrasonidos recoger\u00e1, durante seis meses, la actividad de murci\u00e9lagos en el Parque de Benicalap para conocer la densidad y diversidad de especies en la zona. Se trata&#8230;<\/p>\n","protected":false},"author":2,"featured_media":1877,"comment_status":"closed","ping_status":"closed","sticky":false,"template":"","format":"standard","meta":{"footnotes":""},"categories":[33],"tags":[],"class_list":["post-1922","post","type-post","status-publish","format-standard","has-post-thumbnail","hentry","category-proyectos"],"_links":{"self":[{"href":"http:\/\/mesverdbenicalap.eu\/es\/wp-json\/wp\/v2\/posts\/1922\/"}],"collection":[{"href":"http:\/\/mesverdbenicalap.eu\/es\/wp-json\/wp\/v2\/posts\/"}],"about":[{"href":"http:\/\/mesverdbenicalap.eu\/es\/wp-json\/wp\/v2\/types\/post\/"}],"author":[{"embeddable":true,"href":"http:\/\/mesverdbenicalap.eu\/es\/wp-json\/wp\/v2\/users\/2\/"}],"replies":[{"embeddable":true,"href":"http:\/\/mesverdbenicalap.eu\/es\/wp-json\/wp\/v2\/comments\/?post=1922"}],"version-history":[{"count":1,"href":"http:\/\/mesverdbenicalap.eu\/es\/wp-json\/wp\/v2\/posts\/1922\/revisions\/"}],"predecessor-version":[{"id":1923,"href":"http:\/\/mesverdbenicalap.eu\/es\/wp-json\/wp\/v2\/posts\/1922\/revisions\/1923\/"}],"wp:featuredmedia":[{"embeddable":true,"href":"http:\/\/mesverdbenicalap.eu\/es\/wp-json\/wp\/v2\/media\/1877\/"}],"wp:attachment":[{"href":"http:\/\/mesverdbenicalap.eu\/es\/wp-json\/wp\/v2\/media\/?parent=1922"}],"wp:term":[{"taxonomy":"category","embeddable":true,"href":"http:\/\/mesverdbenicalap.eu\/es\/wp-json\/wp\/v2\/categories\/?post=1922"},{"taxonomy":"post_tag","embeddable":true,"href":"http:\/\/mesverdbenicalap.eu\/es\/wp-json\/wp\/v2\/tags\/?post=1922"}],"curies":[{"name":"wp","href":"https:\/\/api.w.org\/{rel}","templated":true}]}}