{"id":1924,"date":"2020-09-02T10:18:18","date_gmt":"2020-09-02T08:18:18","guid":{"rendered":"http:\/\/mesverdbenicalap.eu\/?p=1924"},"modified":"2020-11-04T10:18:44","modified_gmt":"2020-11-04T09:18:44","slug":"una-cubierta-ajardinada-en-el-centro-de-mayores-de-benicalap-mejorara-la-salud-y-el-medio-ambiente","status":"publish","type":"post","link":"http:\/\/mesverdbenicalap.eu\/es\/una-cubierta-ajardinada-en-el-centro-de-mayores-de-benicalap-mejorara-la-salud-y-el-medio-ambiente\/","title":{"rendered":"Una cubierta ajardinada en el centro de mayores de Benicalap mejorar\u00e1 la salud y el medio ambiente"},"content":{"rendered":"<p>El centro municipal de actividades para personas mayores de Benicalap dispone ya de una cubierta verde que ha instalado la Concejal\u00eda de Emergencia Clim\u00e1tica y Transici\u00f3n Energ\u00e9tica del Ayuntamiento de Val\u00e8ncia dentro del proyecto europeo GrowGreen que gestiona en nuestra ciudad con el centro de innovaci\u00f3n Las Naves. Esta iniciativa se enmarca en la iniciativa M\u00e9s Verd Benicalap, un conjunto de acciones en el barrio que permitir\u00e1n resolver problemas y necesidades de las personas que viven en \u00e9l.<\/p>\n<p>El concejal de Emergencia Clim\u00e1tica y Transici\u00f3n Energ\u00e9tica del Ayuntamiento de Val\u00e8ncia, Alejandro Ramon, ha destacado que \u201cla instalaci\u00f3n de esta cubierta verde en el centro de d\u00eda para personas mayores de Benicalap se enmarca en el proyecto europeo GrowGreen, que busca soluciones basadas en la naturaleza para combatir los efectos negativos del cambio clim\u00e1tico, y en concreto con vegetaci\u00f3n que cubrir\u00e1 el techo y reducir\u00e1 el estr\u00e9s t\u00e9rmico del edificio, aumentando as\u00ed el confort y bajante la demanda energ\u00e9tica, con la reducci\u00f3n de consumo y la menor huella de carbono que esto supone\u201d.<\/p>\n<p>Por su parte Carlos Galiana, concejal de Innovaci\u00f3n del Ayuntamiento de Val\u00e8ncia, ha se\u00f1alado que \u201ccon la instalaci\u00f3n de la cubierta ajardinada en el centro de mayores mejoraremos la salud psicol\u00f3gica de las personas, adem\u00e1s de contribuir al hecho de que las condiciones medioambientales del barrio sean de mayor calidad\u201d.<\/p>\n<p>Las cubiertas verdes como la del centro de mayores de Benicalap act\u00faan como filtros de sustancias t\u00f3xicas, lo cual evidentemente redunda en la mejora de la salud de las personas. Adem\u00e1s son capaces de retener hasta el 90% del agua de lluvia y reducen el calentamiento atmosf\u00e9rico y humedecen el ambiente urbano creando as\u00ed un clima m\u00e1s agradable.<\/p>\n<p>Otro de sus beneficios es que con esta cubierta ajardinada se reducir\u00e1 el ruido, lo cual beneficiar\u00e1 tambi\u00e9n a las personas mayores que acuden en el centro de actividades. En concreto la instalada en Benicalap es del tipo extensivo y tiene una superficie aproximada de 345 m\u00b2.<\/p>\n","protected":false},"excerpt":{"rendered":"<p>El centro municipal de actividades para personas mayores de Benicalap dispone ya de una cubierta verde que ha instalado la Concejal\u00eda de Emergencia Clim\u00e1tica y Transici\u00f3n Energ\u00e9tica del Ayuntamiento de&#8230;<\/p>\n","protected":false},"author":2,"featured_media":1871,"comment_status":"closed","ping_status":"closed","sticky":false,"template":"","format":"standard","meta":{"footnotes":""},"categories":[33],"tags":[],"class_list":["post-1924","post","type-post","status-publish","format-standard","has-post-thumbnail","hentry","category-proyectos"],"_links":{"self":[{"href":"http:\/\/mesverdbenicalap.eu\/es\/wp-json\/wp\/v2\/posts\/1924\/"}],"collection":[{"href":"http:\/\/mesverdbenicalap.eu\/es\/wp-json\/wp\/v2\/posts\/"}],"about":[{"href":"http:\/\/mesverdbenicalap.eu\/es\/wp-json\/wp\/v2\/types\/post\/"}],"author":[{"embeddable":true,"href":"http:\/\/mesverdbenicalap.eu\/es\/wp-json\/wp\/v2\/users\/2\/"}],"replies":[{"embeddable":true,"href":"http:\/\/mesverdbenicalap.eu\/es\/wp-json\/wp\/v2\/comments\/?post=1924"}],"version-history":[{"count":1,"href":"http:\/\/mesverdbenicalap.eu\/es\/wp-json\/wp\/v2\/posts\/1924\/revisions\/"}],"predecessor-version":[{"id":1925,"href":"http:\/\/mesverdbenicalap.eu\/es\/wp-json\/wp\/v2\/posts\/1924\/revisions\/1925\/"}],"wp:featuredmedia":[{"embeddable":true,"href":"http:\/\/mesverdbenicalap.eu\/es\/wp-json\/wp\/v2\/media\/1871\/"}],"wp:attachment":[{"href":"http:\/\/mesverdbenicalap.eu\/es\/wp-json\/wp\/v2\/media\/?parent=1924"}],"wp:term":[{"taxonomy":"category","embeddable":true,"href":"http:\/\/mesverdbenicalap.eu\/es\/wp-json\/wp\/v2\/categories\/?post=1924"},{"taxonomy":"post_tag","embeddable":true,"href":"http:\/\/mesverdbenicalap.eu\/es\/wp-json\/wp\/v2\/tags\/?post=1924"}],"curies":[{"name":"wp","href":"https:\/\/api.w.org\/{rel}","templated":true}]}}