{"id":1926,"date":"2020-04-14T10:23:54","date_gmt":"2020-04-14T08:23:54","guid":{"rendered":"http:\/\/mesverdbenicalap.eu\/?p=1926"},"modified":"2020-11-04T10:24:20","modified_gmt":"2020-11-04T09:24:20","slug":"las-naves-premia-la-recuperacion-a-benicalap-de-un-solar-en-desuso-para-la-creacion-de-un-centro-civico-verde","status":"publish","type":"post","link":"http:\/\/mesverdbenicalap.eu\/es\/las-naves-premia-la-recuperacion-a-benicalap-de-un-solar-en-desuso-para-la-creacion-de-un-centro-civico-verde\/","title":{"rendered":"Las Naves premia la recuperaci\u00f3n a Benicalap de un solar en desuso para la creaci\u00f3n de un centro c\u00edvico verde"},"content":{"rendered":"<p>El proyect \u2018Espai Verd Benicalap\u2019 ha recibido el primer premio del Concurso de Ideas Verdes Colaborativas para Benicalap, concedido por Las Naves. Esta propuesta pretende potenciar la huerta y su entorno, as\u00ed como recuperar un solar en desuso mediante la generaci\u00f3n de un espacio c\u00edvico verde. Un espacio que incluye un bosque sintr\u00f3pico comestible, un espacio socioeducativo y unos huertos comunitarios.<\/p>\n<p>Carlos Galiana, concejal de Innovaci\u00f3n del Ayuntamiento de Val\u00e8ncia, ha insistido en la importancia de la \u201ccolaboraci\u00f3n entre la ciudadan\u00eda y las instituciones p\u00fablicas\u201d. Seg\u00fan ha dicho, \u201cnadie mejor que la gente que vive en Benicalap sabe qu\u00e9 necesidades son las m\u00e1s urgentes de cubrir en el barrio. Por eso decidimos poner en marcha este concurso, fruto del proceso participativo M\u00e9s Verd Benicalap liderado por Paisaje Transversal, otro de los socios de GrowGreen\u201d.<\/p>\n<p>El segundo premio ha correspondido a \u2018Aliats alats\u2019, un proyecto con el cual se quiere favorecer la presencia de fauna aliada al barrio, como murci\u00e9lagos y p\u00e1jaros insect\u00edvoros. A trav\u00e9s de la instalaci\u00f3n de cajas-nido, se consigue combatir plagas urbanas, agr\u00edcolas y forestales de mosquitos.<\/p>\n<p>Con \u2018Centre c\u00edvic verd\u2019, proyecto ganador del tercer premio, se realizar\u00e1 un cenador como complemento del bosque sintr\u00f3pico y los huertos comunitarios. Este espacio servir\u00e1 de catalizador de procesos de aprendizaje sobre el medio ambiente y la sostenibilidad.<\/p>\n<p>En cuarto lugar ha quedado el proyecto \u2018Dispositivo de resiliencia urbana\u2019, una instalaci\u00f3n construida de manera colaborativa por el IES Benicalap que ampliar\u00e1 las zonas de sombra y socializaci\u00f3n del centro educativo, mejorando el confort clim\u00e1tico.<\/p>\n<p>\u2018Eco-Remei\u2019, propuesta que ha recibido el quinto premio, pretende dar herramientas a la ciudadan\u00eda con las cuales poder actuar contra el cambio clim\u00e1tico. En concreto, las soluciones propuestas est\u00e1n basadas en la permacultura, la agricultura regenerativa y la restauraci\u00f3n ecol\u00f3gica.<\/p>\n","protected":false},"excerpt":{"rendered":"<p>El proyect \u2018Espai Verd Benicalap\u2019 ha recibido el primer premio del Concurso de Ideas Verdes Colaborativas para Benicalap, concedido por Las Naves. Esta propuesta pretende potenciar la huerta y su&#8230;<\/p>\n","protected":false},"author":2,"featured_media":1850,"comment_status":"closed","ping_status":"closed","sticky":false,"template":"","format":"standard","meta":{"footnotes":""},"categories":[37,24,33],"tags":[],"class_list":["post-1926","post","type-post","status-publish","format-standard","has-post-thumbnail","hentry","category-eventos","category-participacion","category-proyectos"],"_links":{"self":[{"href":"http:\/\/mesverdbenicalap.eu\/es\/wp-json\/wp\/v2\/posts\/1926\/"}],"collection":[{"href":"http:\/\/mesverdbenicalap.eu\/es\/wp-json\/wp\/v2\/posts\/"}],"about":[{"href":"http:\/\/mesverdbenicalap.eu\/es\/wp-json\/wp\/v2\/types\/post\/"}],"author":[{"embeddable":true,"href":"http:\/\/mesverdbenicalap.eu\/es\/wp-json\/wp\/v2\/users\/2\/"}],"replies":[{"embeddable":true,"href":"http:\/\/mesverdbenicalap.eu\/es\/wp-json\/wp\/v2\/comments\/?post=1926"}],"version-history":[{"count":1,"href":"http:\/\/mesverdbenicalap.eu\/es\/wp-json\/wp\/v2\/posts\/1926\/revisions\/"}],"predecessor-version":[{"id":1927,"href":"http:\/\/mesverdbenicalap.eu\/es\/wp-json\/wp\/v2\/posts\/1926\/revisions\/1927\/"}],"wp:featuredmedia":[{"embeddable":true,"href":"http:\/\/mesverdbenicalap.eu\/es\/wp-json\/wp\/v2\/media\/1850\/"}],"wp:attachment":[{"href":"http:\/\/mesverdbenicalap.eu\/es\/wp-json\/wp\/v2\/media\/?parent=1926"}],"wp:term":[{"taxonomy":"category","embeddable":true,"href":"http:\/\/mesverdbenicalap.eu\/es\/wp-json\/wp\/v2\/categories\/?post=1926"},{"taxonomy":"post_tag","embeddable":true,"href":"http:\/\/mesverdbenicalap.eu\/es\/wp-json\/wp\/v2\/tags\/?post=1926"}],"curies":[{"name":"wp","href":"https:\/\/api.w.org\/{rel}","templated":true}]}}