{"id":1928,"date":"2020-02-23T10:28:50","date_gmt":"2020-02-23T09:28:50","guid":{"rendered":"http:\/\/mesverdbenicalap.eu\/?p=1928"},"modified":"2020-11-04T10:29:46","modified_gmt":"2020-11-04T09:29:46","slug":"jornada-ludica-en-el-barrio-de-benicalap","status":"publish","type":"post","link":"http:\/\/mesverdbenicalap.eu\/es\/jornada-ludica-en-el-barrio-de-benicalap\/","title":{"rendered":"Jornada l\u00fadica en el barrio de Benicalap"},"content":{"rendered":"<p>Las Naves, centro de innovaci\u00f3n del Ayuntamiento de Val\u00e8ncia, junto con Paisaje Transversal, cre\u00f3 el domingo 23 de febrero un recorrido popular para las vecinas y vecinos que viven en Benicalap para ense\u00f1arles &#8216;in situ&#8217; c\u00f3mo los proyectos previstos ayudar\u00e1n a impulsar y mejorar la vida en el barrio a trav\u00e9s de varias intervenciones sostenibles.<\/p>\n<p>El itinerario, dentro de la iniciativa #MesVerdBenicalap, lo inaugur\u00f3 el concejal de Innovaci\u00f3n del Ayuntamiento de Val\u00e8ncia, Carlos Galiana, que lo recorri\u00f3 junto a vecinos y vecinas del barrio. El recorrido se inici\u00f3 y finaliz\u00f3, en la plaza Regino Mas donde tambi\u00e9n se celebraron talleres infantiles.<\/p>\n<p>Durante el recorrido las personas que participaron recibieron materiales sostenibles con los cuales pintar \u00e1rboles en diferentes zonas del barrio. Se trataba, sobre todo, de tenerlos informados sobre las mejoras en Benicalap durante una jornada l\u00fadica y de convivencia.<\/p>\n<p><a href=\"https:\/\/www.flickr.com\/photos\/inndeavalencia\/albums\/72157713235742901\/with\/49578578567\/\">Mirad las fotos de la jornada!<\/a><\/p>\n","protected":false},"excerpt":{"rendered":"<p>Las Naves, centro de innovaci\u00f3n del Ayuntamiento de Val\u00e8ncia, junto con Paisaje Transversal, cre\u00f3 el domingo 23 de febrero un recorrido popular para las vecinas y vecinos que viven en&#8230;<\/p>\n","protected":false},"author":2,"featured_media":1775,"comment_status":"closed","ping_status":"closed","sticky":false,"template":"","format":"standard","meta":{"footnotes":""},"categories":[37,24],"tags":[],"class_list":["post-1928","post","type-post","status-publish","format-standard","has-post-thumbnail","hentry","category-eventos","category-participacion"],"_links":{"self":[{"href":"http:\/\/mesverdbenicalap.eu\/es\/wp-json\/wp\/v2\/posts\/1928\/"}],"collection":[{"href":"http:\/\/mesverdbenicalap.eu\/es\/wp-json\/wp\/v2\/posts\/"}],"about":[{"href":"http:\/\/mesverdbenicalap.eu\/es\/wp-json\/wp\/v2\/types\/post\/"}],"author":[{"embeddable":true,"href":"http:\/\/mesverdbenicalap.eu\/es\/wp-json\/wp\/v2\/users\/2\/"}],"replies":[{"embeddable":true,"href":"http:\/\/mesverdbenicalap.eu\/es\/wp-json\/wp\/v2\/comments\/?post=1928"}],"version-history":[{"count":2,"href":"http:\/\/mesverdbenicalap.eu\/es\/wp-json\/wp\/v2\/posts\/1928\/revisions\/"}],"predecessor-version":[{"id":1930,"href":"http:\/\/mesverdbenicalap.eu\/es\/wp-json\/wp\/v2\/posts\/1928\/revisions\/1930\/"}],"wp:featuredmedia":[{"embeddable":true,"href":"http:\/\/mesverdbenicalap.eu\/es\/wp-json\/wp\/v2\/media\/1775\/"}],"wp:attachment":[{"href":"http:\/\/mesverdbenicalap.eu\/es\/wp-json\/wp\/v2\/media\/?parent=1928"}],"wp:term":[{"taxonomy":"category","embeddable":true,"href":"http:\/\/mesverdbenicalap.eu\/es\/wp-json\/wp\/v2\/categories\/?post=1928"},{"taxonomy":"post_tag","embeddable":true,"href":"http:\/\/mesverdbenicalap.eu\/es\/wp-json\/wp\/v2\/tags\/?post=1928"}],"curies":[{"name":"wp","href":"https:\/\/api.w.org\/{rel}","templated":true}]}}