{"id":1931,"date":"2019-12-04T10:38:25","date_gmt":"2019-12-04T09:38:25","guid":{"rendered":"http:\/\/mesverdbenicalap.eu\/?p=1931"},"modified":"2020-11-04T10:38:54","modified_gmt":"2020-11-04T09:38:54","slug":"las-naves-convoca-el-concurso-de-ideas-verdes-colaborativas","status":"publish","type":"post","link":"http:\/\/mesverdbenicalap.eu\/es\/las-naves-convoca-el-concurso-de-ideas-verdes-colaborativas\/","title":{"rendered":"Las Naves convoca el Concurso de Ideas Verdes Colaborativas"},"content":{"rendered":"<p>El Concurso de Iniciativas Verdes Colaborativas que convoca Las Naves, centro de innovaci\u00f3n del Ayuntamiento de Val\u00e8ncia, en colaboraci\u00f3n con Paisaje Transversal, pretende responder a las necesidades vecinales que se han detectado en el distrito de Benicalap, relacionadas tambi\u00e9n con el cambio clim\u00e1tico. Forma parte de la iniciativa M\u00e9s Verd Benicalap, dentro del proyecto europeo GrowGreen.<\/p>\n<p>Hasta el 5 de diciembre, como fecha tope, pueden presentarse proyectos que, utilizando Soluciones Basadas en la Naturaleza (SBN), ayudan a resolver los diferentes retos recogidos en las bases y que consisten, por ejemplo, en potenciar la huerta y su entorno; adecuar espacios actualmente degradados del barrio, como solares privados y p\u00fablicos, de forma que favorezcan la vida comunitaria y reduzcan los efectos negativos que tienen y a crear concienciaci\u00f3n sobre el cambio clim\u00e1tico.<\/p>\n<p>Adem\u00e1s, con este concurso las personas que participan pueden presentar proyectos para aumentar la biodiversidad en el distrito con el fin de evitar la excesiva presencia de mosquitos u otras especies; favorecer la visibilidad y reconocimiento de las naves del Artista Fallero en el conjunto de la ciudad, adapt\u00e1ndolo al cambio clim\u00e1tico; y potenciar la vida cultural local, las redes de apoyo y la convivencia en el barrio, atendida la perspectiva de g\u00e9nero.<\/p>\n<p>Otros de los desaf\u00edos a los cuales se enfrenta Benicalap y que quedan recogidos en las bases del Concurso de Ideas Verdes Colaborativas, es favorecer la reducci\u00f3n del consumo energ\u00e9tico de los hogares; mejorar el confort clim\u00e1tico de las calles del barrio, aportando soluciones que regulan la temperatura; y potenciar espacios y actividades para dos colectivos espec\u00edficos: j\u00f3venes y beb\u00e9s menores de 3 a\u00f1os.<\/p>\n<p>La dotaci\u00f3n econ\u00f3mica total del concurso para los proyectos seleccionados es de 50.000 euros, con un m\u00e1ximo de 12.000 euros por propuesta.<\/p>\n<p>Pueden consultar las bases en el Perfil del Contratante de la web de Las Naves: https:\/\/www.lasnaves.com\/perfil-del-contratante\/?lang=es<\/p>\n<p>&nbsp;<\/p>\n","protected":false},"excerpt":{"rendered":"<p>El Concurso de Iniciativas Verdes Colaborativas que convoca Las Naves, centro de innovaci\u00f3n del Ayuntamiento de Val\u00e8ncia, en colaboraci\u00f3n con Paisaje Transversal, pretende responder a las necesidades vecinales que se&#8230;<\/p>\n","protected":false},"author":2,"featured_media":1846,"comment_status":"closed","ping_status":"closed","sticky":false,"template":"","format":"standard","meta":{"footnotes":""},"categories":[24],"tags":[],"class_list":["post-1931","post","type-post","status-publish","format-standard","has-post-thumbnail","hentry","category-participacion"],"_links":{"self":[{"href":"http:\/\/mesverdbenicalap.eu\/es\/wp-json\/wp\/v2\/posts\/1931\/"}],"collection":[{"href":"http:\/\/mesverdbenicalap.eu\/es\/wp-json\/wp\/v2\/posts\/"}],"about":[{"href":"http:\/\/mesverdbenicalap.eu\/es\/wp-json\/wp\/v2\/types\/post\/"}],"author":[{"embeddable":true,"href":"http:\/\/mesverdbenicalap.eu\/es\/wp-json\/wp\/v2\/users\/2\/"}],"replies":[{"embeddable":true,"href":"http:\/\/mesverdbenicalap.eu\/es\/wp-json\/wp\/v2\/comments\/?post=1931"}],"version-history":[{"count":1,"href":"http:\/\/mesverdbenicalap.eu\/es\/wp-json\/wp\/v2\/posts\/1931\/revisions\/"}],"predecessor-version":[{"id":1932,"href":"http:\/\/mesverdbenicalap.eu\/es\/wp-json\/wp\/v2\/posts\/1931\/revisions\/1932\/"}],"wp:featuredmedia":[{"embeddable":true,"href":"http:\/\/mesverdbenicalap.eu\/es\/wp-json\/wp\/v2\/media\/1846\/"}],"wp:attachment":[{"href":"http:\/\/mesverdbenicalap.eu\/es\/wp-json\/wp\/v2\/media\/?parent=1931"}],"wp:term":[{"taxonomy":"category","embeddable":true,"href":"http:\/\/mesverdbenicalap.eu\/es\/wp-json\/wp\/v2\/categories\/?post=1931"},{"taxonomy":"post_tag","embeddable":true,"href":"http:\/\/mesverdbenicalap.eu\/es\/wp-json\/wp\/v2\/tags\/?post=1931"}],"curies":[{"name":"wp","href":"https:\/\/api.w.org\/{rel}","templated":true}]}}