{"id":1976,"date":"2020-11-26T10:25:04","date_gmt":"2020-11-26T09:25:04","guid":{"rendered":"http:\/\/mesverdbenicalap.eu\/?p=1976"},"modified":"2020-11-26T10:25:04","modified_gmt":"2020-11-26T09:25:04","slug":"una-nueva-app-movil-del-proyecto-growgreen-identifica-la-flora-y-las-aves-de-benicalap","status":"publish","type":"post","link":"http:\/\/mesverdbenicalap.eu\/es\/una-nueva-app-movil-del-proyecto-growgreen-identifica-la-flora-y-las-aves-de-benicalap\/","title":{"rendered":"Una nueva app m\u00f3vil del proyecto GrowGreen identifica la flora y las aves de Benicalap"},"content":{"rendered":"<ul>\n<li><strong>Se trata de un piloto desarrollado en el marco del proyecto europeo, el cual avanza con la ejecuci\u00f3n de numerosas acciones simult\u00e1neas.<\/strong><\/li>\n<li><strong>Galiana y Ram\u00f3n subrayan que GrowGreen convierte Benicalap \u201cen un laboratorio de soluciones innovadoras contra el cambio clim\u00e1tico\u201d.<\/strong><\/li>\n<\/ul>\n<p>El concejal de Innovaci\u00f3n y Gesti\u00f3n del Conocimiento, Carlos Galiana, y el de Emergencia Clim\u00e1tica y Transici\u00f3n Energ\u00e9tica, Alejandro Ram\u00f3n, han presentado en el Ayuntamiento de Val\u00e8ncia la aplicaci\u00f3n para m\u00f3viles del proyecto GrowGreen. Esta app es uno de los diversos pilotos desarrollados en el marco de la iniciativa europea, y est\u00e1 dirigida a facilitar a la ciudadan\u00eda la identificaci\u00f3n de la flora y las aves que forman parte de la biodiversidad del barrio de Benicalap.<\/p>\n<p>La app GrowGreen, ha sido dise\u00f1ada por la Universitat Polit\u00e8cnica de Val\u00e8ncia, que es una de las socias del proyecto junto con Las Naves, el Ayuntamiento de Val\u00e8ncia, Leitat, Paisaje Transversal y Bipolaire. Esta app, gamificada tambi\u00e9n por Play&amp;Go, lo cual la convierte en apta para todos los p\u00fablicos, est\u00e1 ya disponible para dispositivos Android y Apple. \u201cTiene tambi\u00e9n una funci\u00f3n did\u00e1ctica, fomenta el aprendizaje y la sensibilidad por la biodiversidad local, la involucra en la identificaci\u00f3n de las aves y la flora, as\u00ed como transmite la importancia de las soluciones basadas en la naturaleza dentro de las ciudades. Es indudablemente \u00fatil para los escolares. Queremos que a trav\u00e9s de esta app, la ciudadan\u00eda se conciencie sobre los valores naturales que tenemos y que, adem\u00e1s, colaboren en la elaboraci\u00f3n de un censo de p\u00e1jaros de Benicalap\u201d, ha explicado Ram\u00f3n.<\/p>\n<p>La app propone mapas en 2D y 3D, en los que los y las usuarias pueden encontrar diferentes rutas tem\u00e1ticas para recorrer de manera interactiva, e identificar las especies de flora y fauna, as\u00ed como los puntos de inter\u00e9s relacionados con soluciones basadas en la naturaleza. Adem\u00e1s, la app incluye diferentes tipos de juegos y misiones que ayudar\u00e1n a conocer mejor la biodiversidad urbana de Benicalap de manera l\u00fadica.<\/p>\n<p>Por su parte, el concejal Galiana ha recordado que GrowGreen \u201ces un proyecto financiado por el programa H2020. Actualmente se encuentra ya en su cuarto a\u00f1o de ejecuci\u00f3n y ahora mismo est\u00e1 inmerso en el desarrollo de los proyectos pilotos\u201d.<\/p>\n<p><img loading=\"lazy\" decoding=\"async\" class=\"alignnone size-full wp-image-1974\" src=\"http:\/\/mesverdbenicalap.eu\/wp-content\/uploads\/2020\/11\/IMG_20201125_114111.jpg\" alt=\"\" width=\"1000\" height=\"750\" \/><\/p>\n","protected":false},"excerpt":{"rendered":"<p>Se trata de un piloto desarrollado en el marco del proyecto europeo, el cual avanza con la ejecuci\u00f3n de numerosas acciones simult\u00e1neas. Galiana y Ram\u00f3n subrayan que GrowGreen convierte Benicalap&#8230;<\/p>\n","protected":false},"author":2,"featured_media":1971,"comment_status":"closed","ping_status":"closed","sticky":false,"template":"","format":"standard","meta":{"footnotes":""},"categories":[27],"tags":[],"class_list":["post-1976","post","type-post","status-publish","format-standard","has-post-thumbnail","hentry","category-presentacio"],"_links":{"self":[{"href":"http:\/\/mesverdbenicalap.eu\/es\/wp-json\/wp\/v2\/posts\/1976\/"}],"collection":[{"href":"http:\/\/mesverdbenicalap.eu\/es\/wp-json\/wp\/v2\/posts\/"}],"about":[{"href":"http:\/\/mesverdbenicalap.eu\/es\/wp-json\/wp\/v2\/types\/post\/"}],"author":[{"embeddable":true,"href":"http:\/\/mesverdbenicalap.eu\/es\/wp-json\/wp\/v2\/users\/2\/"}],"replies":[{"embeddable":true,"href":"http:\/\/mesverdbenicalap.eu\/es\/wp-json\/wp\/v2\/comments\/?post=1976"}],"version-history":[{"count":1,"href":"http:\/\/mesverdbenicalap.eu\/es\/wp-json\/wp\/v2\/posts\/1976\/revisions\/"}],"predecessor-version":[{"id":1977,"href":"http:\/\/mesverdbenicalap.eu\/es\/wp-json\/wp\/v2\/posts\/1976\/revisions\/1977\/"}],"wp:featuredmedia":[{"embeddable":true,"href":"http:\/\/mesverdbenicalap.eu\/es\/wp-json\/wp\/v2\/media\/1971\/"}],"wp:attachment":[{"href":"http:\/\/mesverdbenicalap.eu\/es\/wp-json\/wp\/v2\/media\/?parent=1976"}],"wp:term":[{"taxonomy":"category","embeddable":true,"href":"http:\/\/mesverdbenicalap.eu\/es\/wp-json\/wp\/v2\/categories\/?post=1976"},{"taxonomy":"post_tag","embeddable":true,"href":"http:\/\/mesverdbenicalap.eu\/es\/wp-json\/wp\/v2\/tags\/?post=1976"}],"curies":[{"name":"wp","href":"https:\/\/api.w.org\/{rel}","templated":true}]}}