{"id":2020,"date":"2020-12-01T12:32:05","date_gmt":"2020-12-01T11:32:05","guid":{"rendered":"http:\/\/mesverdbenicalap.eu\/?p=2020"},"modified":"2020-12-01T12:33:14","modified_gmt":"2020-12-01T11:33:14","slug":"empiezan-en-benicalap-las-obras-del-centre-civic-verd-del-proyecto-growgreen","status":"publish","type":"post","link":"http:\/\/mesverdbenicalap.eu\/es\/empiezan-en-benicalap-las-obras-del-centre-civic-verd-del-proyecto-growgreen\/","title":{"rendered":"Empiezan en Benicalap las obras del Centre C\u00edvic Verd del proyecto GrowGreen"},"content":{"rendered":"<ul>\n<li><strong>La infraestructura se levantar\u00e1 en 6 meses con el trabajo colaborativo del vecindario, con materiales de desecho y de proximidad, y t\u00e9cnicas locales.<\/strong><\/li>\n<li><strong>El centro est\u00e1 concebido como un lugar para fomentar la vida en el barrio y acoger\u00e1 actividades relacionadas con la sostenibilidad que promueve el proyecto europeo.<\/strong><\/li>\n<\/ul>\n<p>Las obras del Centre C\u00edvico Verd han empezado este fin de semana a ser una realidad al barrio de Benicalap. Esta infraestructura, que estar\u00e1 ultimada en aproximadamente 6 meses, es una iniciativa impulsada por la entidad Arrelaires y premiada en el Concurso de Iniciativas Verdes Colaborativas del proyecto GrowGreen, el cual se desarrolla en el barrio de Benicalap con el objetivo de probar acciones y soluciones basadas en la naturaleza. Este proyecto\u00a0est\u00e1 impulsado\u00a0por Las Naves, el Ayuntamiento de Val\u00e8ncia, as\u00ed como las entidades Paisaje Transversal, Bipolaire y Leitat.<\/p>\n<p>El Centre C\u00edvic\u00a0Verd\u00a0est\u00e1 ubicado en el interior del Espai Verd Benicalap, un solar ya abierto al p\u00fablico donde se encuentran quince parcelas de huertos urbanos comunitarios y un bosque con vegetaci\u00f3n aut\u00f3ctona. El centro ahora completa este espacio que va dirigido al uso de las asociaciones y el vecindario del barrio. \u201cSe trata de crear red, de posibilitar un espacio para hacer talleres, diferentes actividades que promueven la sostenibilidad\u201d, avanza el concejal de Innovaci\u00f3n y Gesti\u00f3n del Conocimiento, Carlos Galiana.<\/p>\n<p><strong>Particular construcci\u00f3n<\/strong><\/p>\n<p>La particularidad de esta infraestructura cubierta, es su manera de construirse. La entidad Arrelaires ha concebido un proyecto levantado con recursos y conocimientos de proximidad. \u201cHemos dise\u00f1ado el centro c\u00edvico con esta filosof\u00eda; con t\u00e9cnicas tradicionales y locales y con donaciones de material de desecho y de kil\u00f3metro cero gracias con un convenio con el Emtre que gestiona los\u00a0 ecoparques de Val\u00e8ncia\u201d, explican Joana Colom y Elena de Oleza, arquitectas y miembros de Arrelaires.<\/p>\n<p>En los trabajos que se llevar\u00e1n a cabo dos fines de semana en el mes, hasta junio, participar\u00e1n todas las personas que lo deseen, con la ayuda de talleristas. Durante la primera jornada de este pasado fin de semana, las obras se han centrado en la colocaci\u00f3n de la \u201csolera de cal\u201d, donde ha participado la cooperativa EConstrucci\u00f3 quien precisamente promueve t\u00e9cnicas de construcci\u00f3n locales.<\/p>\n<p>De Oleza y Colom han se\u00f1alado que esta manera de trabajar \u201cllamada\u00a0a tornallom\u00a0es muy t\u00edpica de l\u2019Horta de Val\u00e8ncia, donde se trabajaba con el intercambio de los trabajos entre los vecinos y vecinas. La idea es que el vecindario pueda participar, con actividades accesibles y\u00a0que \u00e9stas sean integradoras para todos y todas, contando adem\u00e1s con la participaci\u00f3n de poblaci\u00f3n migrante y con la entidad\u00a0Casa Caridad\u201d.<\/p>\n<p><img loading=\"lazy\" decoding=\"async\" class=\"alignnone size-full wp-image-2017\" src=\"http:\/\/mesverdbenicalap.eu\/wp-content\/uploads\/2020\/12\/IMG_1765.jpg\" alt=\"\" width=\"1000\" height=\"666\" \/><\/p>\n","protected":false},"excerpt":{"rendered":"<p>La infraestructura se levantar\u00e1 en 6 meses con el trabajo colaborativo del vecindario, con materiales de desecho y de proximidad, y t\u00e9cnicas locales. El centro est\u00e1 concebido como un lugar&#8230;<\/p>\n","protected":false},"author":2,"featured_media":2015,"comment_status":"closed","ping_status":"closed","sticky":false,"template":"","format":"standard","meta":{"footnotes":""},"categories":[38,33],"tags":[],"class_list":["post-2020","post","type-post","status-publish","format-standard","has-post-thumbnail","hentry","category-obras","category-proyectos"],"_links":{"self":[{"href":"http:\/\/mesverdbenicalap.eu\/es\/wp-json\/wp\/v2\/posts\/2020\/"}],"collection":[{"href":"http:\/\/mesverdbenicalap.eu\/es\/wp-json\/wp\/v2\/posts\/"}],"about":[{"href":"http:\/\/mesverdbenicalap.eu\/es\/wp-json\/wp\/v2\/types\/post\/"}],"author":[{"embeddable":true,"href":"http:\/\/mesverdbenicalap.eu\/es\/wp-json\/wp\/v2\/users\/2\/"}],"replies":[{"embeddable":true,"href":"http:\/\/mesverdbenicalap.eu\/es\/wp-json\/wp\/v2\/comments\/?post=2020"}],"version-history":[{"count":1,"href":"http:\/\/mesverdbenicalap.eu\/es\/wp-json\/wp\/v2\/posts\/2020\/revisions\/"}],"predecessor-version":[{"id":2021,"href":"http:\/\/mesverdbenicalap.eu\/es\/wp-json\/wp\/v2\/posts\/2020\/revisions\/2021\/"}],"wp:featuredmedia":[{"embeddable":true,"href":"http:\/\/mesverdbenicalap.eu\/es\/wp-json\/wp\/v2\/media\/2015\/"}],"wp:attachment":[{"href":"http:\/\/mesverdbenicalap.eu\/es\/wp-json\/wp\/v2\/media\/?parent=2020"}],"wp:term":[{"taxonomy":"category","embeddable":true,"href":"http:\/\/mesverdbenicalap.eu\/es\/wp-json\/wp\/v2\/categories\/?post=2020"},{"taxonomy":"post_tag","embeddable":true,"href":"http:\/\/mesverdbenicalap.eu\/es\/wp-json\/wp\/v2\/tags\/?post=2020"}],"curies":[{"name":"wp","href":"https:\/\/api.w.org\/{rel}","templated":true}]}}