{"id":2032,"date":"2020-12-10T09:28:24","date_gmt":"2020-12-10T08:28:24","guid":{"rendered":"http:\/\/mesverdbenicalap.eu\/?p=2032"},"modified":"2020-12-14T08:23:15","modified_gmt":"2020-12-14T07:23:15","slug":"se-inician-los-trabajos-de-construccion-del-dispositivo-de-resiliencia-urbana-en-el-patio-del-ies-benicalap","status":"publish","type":"post","link":"http:\/\/mesverdbenicalap.eu\/es\/se-inician-los-trabajos-de-construccion-del-dispositivo-de-resiliencia-urbana-en-el-patio-del-ies-benicalap\/","title":{"rendered":"Se inician los trabajos de construcci\u00f3n del dispositivo de resiliencia urbana en el patio del IES Benicalap"},"content":{"rendered":"<p><span lang=\"ES-TRAD\">Las altas temperaturas y la falta de sombra en el patio escolar del IES Benicalap son el objetivo a combatir; la soluci\u00f3n que se propone: un dispositivo de resiliencia urbana. Se han iniciado en el barrio de Benicalap los trabajos de construcci\u00f3n de esta infraestructura que ampl\u00eda las zonas de sombra del patio del instituto para que \u00e9ste sea un espacio m\u00e1s fresco, m\u00e1s amable y m\u00e1s verde.<\/span><\/p>\n<p><span lang=\"ES-TRAD\">El proyecto de este dispositivo de resiliencia urbana es una de las acciones premiadas en el Concurso de Iniciativas Verdes Colaborativas, convocado por el proyecto europeo GrowGreen que est\u00e1 ejecut\u00e1ndose en el barrio de Benicalap y del que Las Naves y el Ayuntamiento de Val\u00e8ncia forman parte.<\/span><\/p>\n<p><span lang=\"ES-TRAD\">Esta iniciativa empez\u00f3 a caminar el pasado mes de octubre con la celebraci\u00f3n de sesiones de co-dise\u00f1o con el alumnado del ciclo formativo Artista Fallero del IES Benicalap, en las que se trabaj\u00f3 sobre una soluci\u00f3n constructiva que incluyera sombra, vegetaci\u00f3n y la estancia, y que inspirara el dise\u00f1o final.<\/span><\/p>\n<p><span lang=\"ES-TRAD\">La estructura del dispositivo est\u00e1 formada por tres m\u00f3dulos iguales de libre configuraci\u00f3n. Se ha prevalecido la estabilidad y la resistencia tanto al tiempo como el uso intensivo de los alumnos, con el objetivo final de combatir el estr\u00e9s t\u00e9rmico que genera el pavimento del patio durante las altas temperaturas.<\/span><\/p>\n<p><strong><span lang=\"ES-TRAD\">Sesiones colaborativas<\/span><\/strong><\/p>\n<p>Junto con el alumnado, tambi\u00e9n han trabajado en este proyecto el profesorado del centro y del ciclo formativo Artista Fallero. Todos juntos han consensuado la soluci\u00f3n a partir de las necesidades del instituto. Sobre ese esbozo del dispositivo se ha iniciado esta semana su construcci\u00f3n en los talleres del ciclo de formaci\u00f3n. Una vez la obra est\u00e9 acabada, se trasladar\u00e1 al patio del centro.<\/p>\n<p><span lang=\"ES-TRAD\">El principal material que est\u00e1 utiliz\u00e1ndose es la madera, suministrada por la cooperativa del gremio de artistas falleros, la cual se proteger\u00e1 debidamente para aumentar su durabilidad. Seg\u00fan Clara Ferrer, Irene Reig y Aitor Deza del estudio Carpe, impulsor del proyecto, \u201cse han priorizado los recursos propios del ciclo formativo antes de acudir a soluciones m\u00e1s comerciales, para fomentar la producci\u00f3n y econom\u00eda propias del gremio\u201d.<\/span><\/p>\n<p><strong><span lang=\"ES-TRAD\">Soluciones basadas en la naturaleza<\/span><\/strong><\/p>\n<p><span lang=\"ES-TRAD\">El dispositivo de resiliencia urbana se suma a otros pilotos de GrowGreen que ya est\u00e1n en marcha al barrio como son el jard\u00edn vertical ubicado en el CEIP Ciudad Artista Fallero, el techo verde en el centro de mayores del barrio, o el Espai Verd Benicalap y el Centre C\u00edvic Verd, en el cruce de las calles Salvador Cerver\u00f3 y Carlos Cortina.<\/span><\/p>\n<p><span lang=\"ES-TRAD\">El concejal de Innovaci\u00f3n y Gesti\u00f3n del Conocimiento del Ayuntamiento de Val\u00e8ncia, Carlos Galiana, se\u00f1ala: \u201cel proyecto GrowGreen prueba estas soluciones basadas en la naturaleza en su objetivo de luchar contra el cambio clim\u00e1tico y hacer de Benicalap un barrio m\u00e1s verde, m\u00e1s sostenible y resiliente\u201d.<\/span><\/p>\n<p><img loading=\"lazy\" decoding=\"async\" class=\"alignnone size-full wp-image-2030\" src=\"http:\/\/mesverdbenicalap.eu\/wp-content\/uploads\/2020\/12\/DSC01752.jpg\" alt=\"\" width=\"6000\" height=\"3376\" \/><\/p>\n<p><img loading=\"lazy\" decoding=\"async\" class=\"alignnone size-full wp-image-2036\" src=\"http:\/\/mesverdbenicalap.eu\/wp-content\/uploads\/2020\/12\/WhatsApp-Image-2020-12-11-at-18.20.18.jpeg\" alt=\"\" width=\"1600\" height=\"1065\" \/><\/p>\n","protected":false},"excerpt":{"rendered":"<p>Las altas temperaturas y la falta de sombra en el patio escolar del IES Benicalap son el objetivo a combatir; la soluci\u00f3n que se propone: un dispositivo de resiliencia urbana&#8230;.<\/p>\n","protected":false},"author":2,"featured_media":2030,"comment_status":"closed","ping_status":"closed","sticky":false,"template":"","format":"standard","meta":{"footnotes":""},"categories":[38,32,33],"tags":[],"class_list":["post-2032","post","type-post","status-publish","format-standard","has-post-thumbnail","hentry","category-obras","category-projectes-es","category-proyectos"],"_links":{"self":[{"href":"http:\/\/mesverdbenicalap.eu\/es\/wp-json\/wp\/v2\/posts\/2032\/"}],"collection":[{"href":"http:\/\/mesverdbenicalap.eu\/es\/wp-json\/wp\/v2\/posts\/"}],"about":[{"href":"http:\/\/mesverdbenicalap.eu\/es\/wp-json\/wp\/v2\/types\/post\/"}],"author":[{"embeddable":true,"href":"http:\/\/mesverdbenicalap.eu\/es\/wp-json\/wp\/v2\/users\/2\/"}],"replies":[{"embeddable":true,"href":"http:\/\/mesverdbenicalap.eu\/es\/wp-json\/wp\/v2\/comments\/?post=2032"}],"version-history":[{"count":2,"href":"http:\/\/mesverdbenicalap.eu\/es\/wp-json\/wp\/v2\/posts\/2032\/revisions\/"}],"predecessor-version":[{"id":2038,"href":"http:\/\/mesverdbenicalap.eu\/es\/wp-json\/wp\/v2\/posts\/2032\/revisions\/2038\/"}],"wp:featuredmedia":[{"embeddable":true,"href":"http:\/\/mesverdbenicalap.eu\/es\/wp-json\/wp\/v2\/media\/2030\/"}],"wp:attachment":[{"href":"http:\/\/mesverdbenicalap.eu\/es\/wp-json\/wp\/v2\/media\/?parent=2032"}],"wp:term":[{"taxonomy":"category","embeddable":true,"href":"http:\/\/mesverdbenicalap.eu\/es\/wp-json\/wp\/v2\/categories\/?post=2032"},{"taxonomy":"post_tag","embeddable":true,"href":"http:\/\/mesverdbenicalap.eu\/es\/wp-json\/wp\/v2\/tags\/?post=2032"}],"curies":[{"name":"wp","href":"https:\/\/api.w.org\/{rel}","templated":true}]}}