{"id":2063,"date":"2021-01-13T10:06:13","date_gmt":"2021-01-13T09:06:13","guid":{"rendered":"http:\/\/mesverdbenicalap.eu\/?p=2063"},"modified":"2021-01-13T10:07:41","modified_gmt":"2021-01-13T09:07:41","slug":"comienzan-las-obras-del-corredor-verde-azul-para-peatones","status":"publish","type":"post","link":"http:\/\/mesverdbenicalap.eu\/es\/comienzan-las-obras-del-corredor-verde-azul-para-peatones\/","title":{"rendered":"Comienzan las obras del corredor verde azul para peatones"},"content":{"rendered":"<p><strong>Se trata de una ruta de casi 1.000 metros cuadrados en la que se ejecutar\u00e1 un espacio verde con un innovador sistema de pavimento drenante que recoge las aguas<\/strong><\/p>\n<p><strong>La obra, que estar\u00e1 concluida en aproximadamente seis meses, est\u00e1 desarrollada por Bipolaire, uno de los socios de este proyecto europeo en el que participa Las Naves<\/strong><\/p>\n<p>El objetivo principal de esta iniciativa piloto del proyecto GrowGreen, es que los peatones de Benicalap puedan disfrutar de una ruta verde, localizada entre la calle del Foc y la plaza Regino M\u00e1s del barrio de Ciudad Fallera. Se plantean 995\u201932 metros cuadrados donde se plantar\u00e1 vegetaci\u00f3n y se instalar\u00e1 un innovador sistema de recogida de agua en el distrito.<\/p>\n<p>Seg\u00fan explican desde Bipolaire Arquitectos \u2013 encargados del dise\u00f1o del corredor verde azul, de la direcci\u00f3n de obra y uno de los socios del proyecto GrowGreen del que Las Naves y el Ayuntamiento de Val\u00e8ncia forman parte- esta obra \u201cpermite probar varias soluciones basadas en la naturaleza, objetivo principal de GrowGreen, entre ellas: zonas de bio-retenci\u00f3n con bioc\u00e9lulas (zonas ajardinadas), una cuenca de retenci\u00f3n de aguas y sistemas drenantes, ubicados bajo las zonas de los aparcamientos, que mediante la utilizaci\u00f3n de pavimentos permeables filtrar\u00e1n y recoger\u00e1n el agua procedente de la calzada\u201d, detalla Blanca Pedrola.<\/p>\n<p>Entre las acciones que se llevar\u00e1n a cabo en la adecuaci\u00f3n de este corredor, se encuentra tambi\u00e9n la transformaci\u00f3n de la Plaza Regino M\u00e1s en un espacio seguro, con sombra generada por vegetaci\u00f3n y una p\u00e9rgola, y mobiliario adaptado; as\u00ed como la conexi\u00f3n para peatones con las calles de los alrededores.<\/p>\n<p><strong>Beneficios del corredor verde azul<\/strong><\/p>\n<p>Este proyecto piloto de GrowGreen tendr\u00e1 impactos positivos en la zona, entre ellos favorecer\u00e1 el confort t\u00e9rmico -a m\u00e1s vegetaci\u00f3n, menos estr\u00e9s t\u00e9rmico-, la captura de CO\u2082, una gesti\u00f3n mejor del agua respecto su calidad y la reducci\u00f3n del volumen de las escorrent\u00edas, el aumento de la biodiversidad, puesto que se ampliar\u00e1 el n\u00famero de especies y de estratos vegetales; y una mejora en la percepci\u00f3n de seguridad de la zona al actuar sobre la movilidad (peatonalizaci\u00f3n de un tramo de calle), iluminaci\u00f3n y el mobiliario adaptado.<\/p>\n<p>El concejal de Innovaci\u00f3n y Gesti\u00f3n del Conocimiento del Ayuntamiento de Val\u00e8ncia, Carlos Galiana, se\u00f1ala que el corredor verde azul \u201ces una m\u00e1s de las soluciones basadas en la naturaleza que est\u00e1 haciendo realidad el proyecto GrowGreen, el cual, a medida que avanza, nos permite ir creando ese laboratorio de ideas innovadoras que quieren transformar nuestra ciudad en un espacio m\u00e1s sostenible para vivir, y m\u00e1s adaptado al cambio clim\u00e1tico\u201d.<\/p>\n<p><img loading=\"lazy\" decoding=\"async\" class=\"alignnone size-full wp-image-2059\" src=\"http:\/\/mesverdbenicalap.eu\/wp-content\/uploads\/2021\/01\/IMG-20210112-WA0005.jpg\" alt=\"\" width=\"1600\" height=\"1200\" \/><\/p>\n","protected":false},"excerpt":{"rendered":"<p>Se trata de una ruta de casi 1.000 metros cuadrados en la que se ejecutar\u00e1 un espacio verde con un innovador sistema de pavimento drenante que recoge las aguas La&#8230;<\/p>\n","protected":false},"author":2,"featured_media":2053,"comment_status":"closed","ping_status":"closed","sticky":false,"template":"","format":"standard","meta":{"footnotes":""},"categories":[38],"tags":[],"class_list":["post-2063","post","type-post","status-publish","format-standard","has-post-thumbnail","hentry","category-obras"],"_links":{"self":[{"href":"http:\/\/mesverdbenicalap.eu\/es\/wp-json\/wp\/v2\/posts\/2063\/"}],"collection":[{"href":"http:\/\/mesverdbenicalap.eu\/es\/wp-json\/wp\/v2\/posts\/"}],"about":[{"href":"http:\/\/mesverdbenicalap.eu\/es\/wp-json\/wp\/v2\/types\/post\/"}],"author":[{"embeddable":true,"href":"http:\/\/mesverdbenicalap.eu\/es\/wp-json\/wp\/v2\/users\/2\/"}],"replies":[{"embeddable":true,"href":"http:\/\/mesverdbenicalap.eu\/es\/wp-json\/wp\/v2\/comments\/?post=2063"}],"version-history":[{"count":1,"href":"http:\/\/mesverdbenicalap.eu\/es\/wp-json\/wp\/v2\/posts\/2063\/revisions\/"}],"predecessor-version":[{"id":2064,"href":"http:\/\/mesverdbenicalap.eu\/es\/wp-json\/wp\/v2\/posts\/2063\/revisions\/2064\/"}],"wp:featuredmedia":[{"embeddable":true,"href":"http:\/\/mesverdbenicalap.eu\/es\/wp-json\/wp\/v2\/media\/2053\/"}],"wp:attachment":[{"href":"http:\/\/mesverdbenicalap.eu\/es\/wp-json\/wp\/v2\/media\/?parent=2063"}],"wp:term":[{"taxonomy":"category","embeddable":true,"href":"http:\/\/mesverdbenicalap.eu\/es\/wp-json\/wp\/v2\/categories\/?post=2063"},{"taxonomy":"post_tag","embeddable":true,"href":"http:\/\/mesverdbenicalap.eu\/es\/wp-json\/wp\/v2\/tags\/?post=2063"}],"curies":[{"name":"wp","href":"https:\/\/api.w.org\/{rel}","templated":true}]}}