{"id":2099,"date":"2021-02-12T10:52:03","date_gmt":"2021-02-12T09:52:03","guid":{"rendered":"http:\/\/mesverdbenicalap.eu\/?p=2099"},"modified":"2021-02-12T10:52:03","modified_gmt":"2021-02-12T09:52:03","slug":"se-inician-las-obres-del-bosquete-sostenible","status":"publish","type":"post","link":"http:\/\/mesverdbenicalap.eu\/es\/se-inician-las-obres-del-bosquete-sostenible\/","title":{"rendered":"Se inician las obres del bosquete sostenible"},"content":{"rendered":"<ul>\n<li><strong>Ser\u00e1 un espacio 100% sostenible y peatonal, que se sumar\u00e1 al proyecto previsto de ampliaci\u00f3n del Parque de Benicalap<\/strong><\/li>\n<li><strong>La obra est\u00e1 dise\u00f1ada por Bipolaire, uno de los socios de este proyecto europeo, junto con Las Naves, el Ayuntamiento de Val\u00e8ncia, la Universitat Polit\u00e8cnica de Val\u00e8ncia, Paisaje Transversal, Leitat y Tecnalia.<\/strong><\/li>\n<\/ul>\n<p>El bosquete sostenible est\u00e1 concebido como un espacio verde que se ubicar\u00e1 entre las calles de la Alquer\u00eda del Moro y la calle Andreu Alfaro, en un entorno protegido Bien de Inter\u00e9s Cultural, en el distrito de Ciudad Fallera del barrio de Benicalap. Se trata de 5.273 metros cuadrados en los que se ha planificado una zona de arbolado perimetral, recuperando as\u00ed la perspectiva hist\u00f3rica del camino de Burjassot, frente a las alquer\u00edas hist\u00f3ricas.<\/p>\n<p>Seg\u00fan explica Blanca Pedrola, de Bipolaire Arquitectos, responsables del dise\u00f1o del bosquete, \u00e9ste es \u201c100% sostenible. Proporcionar\u00e1 entre sus beneficios, \u201cmayores niveles de confort t\u00e9rmico, como consecuencia de las zonas arboladas que dar\u00e1n m\u00e1s sombra y ventilaci\u00f3n en verano. Adem\u00e1s actuamos en la gesti\u00f3n del agua, en su calidad y reducci\u00f3n del volumen de escorrent\u00eda, con un sistema de drenaje sostenible. Y es importante se\u00f1alar tambi\u00e9n que para la construcci\u00f3n del bosquete, no va a hacerse ninguna extracci\u00f3n del suelo, solo movimientos de tierra, minimizando as\u00ed el impacto ambiental\u201d.<\/p>\n<p><strong>Benicalap m\u00e1s verde<\/strong><\/p>\n<p>El bosquete sostenible, adem\u00e1s, permitir\u00e1 un aumento en la biodiversidad con la instalaci\u00f3n de diferentes estratos de vegetaci\u00f3n (\u00e1rboles, arbustos y plantas terrestres) y por tanto la creaci\u00f3n de una nueva \u00e1rea para el h\u00e1bitat animal. Otros beneficios ser\u00e1n la captura de niveles de CO\u2082, as\u00ed como la colocaci\u00f3n de mobiliario adaptado y de iluminaci\u00f3n sostenible en la zona.<\/p>\n<p>Seg\u00fan detalla el regidor de Innovaci\u00f3n y Gesti\u00f3n del Conocimiento del Ayuntamiento de Val\u00e8ncia, Carlos Galiana este bosquete, \u201cviene a sumarse al objetivo municipal de convertir Benicalap en un barrio m\u00e1s verde. Las acciones del proyecto GrowGreen, y especialmente \u00e9sta, se suman a las obras de ampliaci\u00f3n ya previstas del Parque de Benicalap. De hecho, el bosquete permitir\u00e1 un paso accesible, una conexi\u00f3n para peatones en la calle Andreu Alfaro y un nuevo acceso en el parque\u201d, se\u00f1ala.<\/p>\n<p><img loading=\"lazy\" decoding=\"async\" class=\"alignnone size-full wp-image-2097\" src=\"http:\/\/mesverdbenicalap.eu\/wp-content\/uploads\/2021\/02\/WhatsApp-Image-2021-02-09-at-14.28.32.jpeg\" alt=\"\" width=\"2048\" height=\"1536\" \/><\/p>\n","protected":false},"excerpt":{"rendered":"<p>Ser\u00e1 un espacio 100% sostenible y peatonal, que se sumar\u00e1 al proyecto previsto de ampliaci\u00f3n del Parque de Benicalap La obra est\u00e1 dise\u00f1ada por Bipolaire, uno de los socios de&#8230;<\/p>\n","protected":false},"author":2,"featured_media":2097,"comment_status":"closed","ping_status":"closed","sticky":false,"template":"","format":"standard","meta":{"footnotes":""},"categories":[38],"tags":[],"class_list":["post-2099","post","type-post","status-publish","format-standard","has-post-thumbnail","hentry","category-obras"],"_links":{"self":[{"href":"http:\/\/mesverdbenicalap.eu\/es\/wp-json\/wp\/v2\/posts\/2099\/"}],"collection":[{"href":"http:\/\/mesverdbenicalap.eu\/es\/wp-json\/wp\/v2\/posts\/"}],"about":[{"href":"http:\/\/mesverdbenicalap.eu\/es\/wp-json\/wp\/v2\/types\/post\/"}],"author":[{"embeddable":true,"href":"http:\/\/mesverdbenicalap.eu\/es\/wp-json\/wp\/v2\/users\/2\/"}],"replies":[{"embeddable":true,"href":"http:\/\/mesverdbenicalap.eu\/es\/wp-json\/wp\/v2\/comments\/?post=2099"}],"version-history":[{"count":1,"href":"http:\/\/mesverdbenicalap.eu\/es\/wp-json\/wp\/v2\/posts\/2099\/revisions\/"}],"predecessor-version":[{"id":2100,"href":"http:\/\/mesverdbenicalap.eu\/es\/wp-json\/wp\/v2\/posts\/2099\/revisions\/2100\/"}],"wp:featuredmedia":[{"embeddable":true,"href":"http:\/\/mesverdbenicalap.eu\/es\/wp-json\/wp\/v2\/media\/2097\/"}],"wp:attachment":[{"href":"http:\/\/mesverdbenicalap.eu\/es\/wp-json\/wp\/v2\/media\/?parent=2099"}],"wp:term":[{"taxonomy":"category","embeddable":true,"href":"http:\/\/mesverdbenicalap.eu\/es\/wp-json\/wp\/v2\/categories\/?post=2099"},{"taxonomy":"post_tag","embeddable":true,"href":"http:\/\/mesverdbenicalap.eu\/es\/wp-json\/wp\/v2\/tags\/?post=2099"}],"curies":[{"name":"wp","href":"https:\/\/api.w.org\/{rel}","templated":true}]}}