{"id":2113,"date":"2021-03-11T08:54:16","date_gmt":"2021-03-11T07:54:16","guid":{"rendered":"http:\/\/mesverdbenicalap.eu\/?p=2113"},"modified":"2021-03-11T08:55:28","modified_gmt":"2021-03-11T07:55:28","slug":"el-jardin-vertical-y-el-tejado-verde-ya-tienen-sus-paneles-descriptivos","status":"publish","type":"post","link":"http:\/\/mesverdbenicalap.eu\/es\/el-jardin-vertical-y-el-tejado-verde-ya-tienen-sus-paneles-descriptivos\/","title":{"rendered":"El jard\u00edn vertical y el tejado verde ya tienen sus paneles descriptivos"},"content":{"rendered":"<p>Ya se han instalado los paneles descriptivos del jard\u00edn vertical y del tejado verde del proyecto GrowGreen en sus respectivas ubicaciones. Si te pasas por el CEIP Ciudad Fallera y por el Centro de Mayores podr\u00e1s verlos y conocer los beneficios de estas Soluciones Basadas en la Naturaleza.<\/p>\n<p>El jard\u00edn vertical act\u00faa como barrera de la radiaci\u00f3n solar de incidencia directa, y mantiene un sistema de tratamiento de aguas grises, las cuales se reutilizan y se destinan al riego de un huerto escolar. Adem\u00e1s, ayuda a la reducci\u00f3n del consumo energ\u00e9tico, captura el CO\u2082 y mejora la calidad del aire y el confort t\u00e9rmico.<\/p>\n<p><img loading=\"lazy\" decoding=\"async\" class=\"alignnone size-full wp-image-2109\" src=\"http:\/\/mesverdbenicalap.eu\/wp-content\/uploads\/2021\/03\/IMG_7245.jpg\" alt=\"\" width=\"800\" height=\"533\" \/><\/p>\n<p>Por su parte, el tejado verde ubicado en el Centro de Mayores de Benicalap, mejora el aislamiento del edificio, reduce las emisiones de CO\u2082 y favorece el confort t\u00e9rmico. La vegetaci\u00f3n plantada es muy resistente y requiere un bajo mantenimiento. El panel descriptivo del techo verde explica c\u00f3mo las temperaturas han bajado desde que se ha sustituido la grava por la cubierta de vegetaci\u00f3n.<\/p>\n<p><img loading=\"lazy\" decoding=\"async\" class=\"alignnone size-full wp-image-2111\" src=\"http:\/\/mesverdbenicalap.eu\/wp-content\/uploads\/2021\/03\/IMG_7261.jpg\" alt=\"\" width=\"800\" height=\"533\" \/><\/p>\n","protected":false},"excerpt":{"rendered":"<p>Ya se han instalado los paneles descriptivos del jard\u00edn vertical y del tejado verde del proyecto GrowGreen en sus respectivas ubicaciones. Si te pasas por el CEIP Ciudad Fallera y&#8230;<\/p>\n","protected":false},"author":2,"featured_media":2109,"comment_status":"closed","ping_status":"closed","sticky":false,"template":"","format":"standard","meta":{"footnotes":""},"categories":[38],"tags":[],"class_list":["post-2113","post","type-post","status-publish","format-standard","has-post-thumbnail","hentry","category-obras"],"_links":{"self":[{"href":"http:\/\/mesverdbenicalap.eu\/es\/wp-json\/wp\/v2\/posts\/2113\/"}],"collection":[{"href":"http:\/\/mesverdbenicalap.eu\/es\/wp-json\/wp\/v2\/posts\/"}],"about":[{"href":"http:\/\/mesverdbenicalap.eu\/es\/wp-json\/wp\/v2\/types\/post\/"}],"author":[{"embeddable":true,"href":"http:\/\/mesverdbenicalap.eu\/es\/wp-json\/wp\/v2\/users\/2\/"}],"replies":[{"embeddable":true,"href":"http:\/\/mesverdbenicalap.eu\/es\/wp-json\/wp\/v2\/comments\/?post=2113"}],"version-history":[{"count":2,"href":"http:\/\/mesverdbenicalap.eu\/es\/wp-json\/wp\/v2\/posts\/2113\/revisions\/"}],"predecessor-version":[{"id":2115,"href":"http:\/\/mesverdbenicalap.eu\/es\/wp-json\/wp\/v2\/posts\/2113\/revisions\/2115\/"}],"wp:featuredmedia":[{"embeddable":true,"href":"http:\/\/mesverdbenicalap.eu\/es\/wp-json\/wp\/v2\/media\/2109\/"}],"wp:attachment":[{"href":"http:\/\/mesverdbenicalap.eu\/es\/wp-json\/wp\/v2\/media\/?parent=2113"}],"wp:term":[{"taxonomy":"category","embeddable":true,"href":"http:\/\/mesverdbenicalap.eu\/es\/wp-json\/wp\/v2\/categories\/?post=2113"},{"taxonomy":"post_tag","embeddable":true,"href":"http:\/\/mesverdbenicalap.eu\/es\/wp-json\/wp\/v2\/tags\/?post=2113"}],"curies":[{"name":"wp","href":"https:\/\/api.w.org\/{rel}","templated":true}]}}