{"id":2146,"date":"2021-09-17T12:51:25","date_gmt":"2021-09-17T10:51:25","guid":{"rendered":"http:\/\/mesverdbenicalap.eu\/benicalap-estrena-un-bosquet-i-un-corredor-verd-blau-del-projecte-europeu-growgreen\/"},"modified":"2021-09-17T13:01:16","modified_gmt":"2021-09-17T11:01:16","slug":"benicalap-estrena-un-bosquet-i-un-corredor-verd-blau-del-projecte-europeu-growgreen","status":"publish","type":"post","link":"http:\/\/mesverdbenicalap.eu\/es\/benicalap-estrena-un-bosquet-i-un-corredor-verd-blau-del-projecte-europeu-growgreen\/","title":{"rendered":"Benicalap estrena un bosquete y un corredor verde azul del proyecto europeo GrowGreen"},"content":{"rendered":"<p><strong>El bosquete permite el paso accesible y la conexi\u00f3n peatonal a la calle Andreu Alfaro y genera un nuevo acceso al Parque de Benicalap. <\/strong><\/p>\n<p><strong>El objetivo principal de este corredor verde azul es crear una ruta peatonal que permita el enlace entre los grandes espacios verdes y las \u00e1reas de vida urbanas interiores mediante la reintroducci\u00f3n de vegetaci\u00f3n y sistemas de recogida de agua en el distrito.<\/strong><\/p>\n<p>El barrio Ciutat Fallera, dentro del distrito de Benicalap en la ciudad de Val\u00e8ncia, ha estrenado un bosquete y un corredor verde azul dentro de las acciones llevadas a cabo por el proyecto europeo GrowGreen. Un proyecto llevado a cabo por el Ayuntamiento de Val\u00e8ncia, el centro de innovaci\u00f3n Las Naves, la UPV, as\u00ed como entidades especializadas en innovaci\u00f3n urbana participativa y en urbanismo bioclim\u00e1tico como Paisaje Transversal, Bipolaire, Tecnalia y Leitat.<\/p>\n<p>Carlos Galiana, concejal de Innovaci\u00f3n del Ayuntamiento de Val\u00e8ncia, ha recalcado que \u201cel objetivo de este proyecto y sus acciones piloto es permitir la conexi\u00f3n de la huerta con la ciudad y resolver los problemas y necesidades cotidianas que la poblaci\u00f3n reclama para las calles de este barrio. Para ello se han planificado diferentes acciones como un jard\u00edn vertical, que realizamos en una fachada de un centro escolar, o el bosquete contra el cambio clim\u00e1tico y un corredor verde\/azul que se acaban de inaugurar\u201d. Junto a la concejal\u00eda de innovaci\u00f3n tambi\u00e9n han participado en estas acciones piloto la concejal\u00eda de urbanismo y la de jardines del Ayuntamiento de Val\u00e8ncia.<\/p>\n<p>El bosquete de compensaci\u00f3n de emisiones de CO2 permite el paso accesible y la conexi\u00f3n peatonal a la calle Andreu Alfaro y genera un nuevo acceso al Parque de Benicalap. La recuperaci\u00f3n del espacio ha permitido recuperar la perspectiva hist\u00f3rica del antiguo camino de Burjassot, frente a las alquer\u00edas hist\u00f3ricas, ya que nos encontramos en un entorno protegido (entorno BIC); y se ha incluido arbolado perimetral para proporcionar sombra respetando el valor est\u00e9tico y la visibilidad de las alquer\u00edas dels Moros y de la Torre. La selecci\u00f3n de especies vegetales se ha realizado en un proceso participativo y son especies de baja incidencia al\u00e9rgena. Adem\u00e1s, se ha reutilizado la madera de los \u00e1rboles preexistentes que estaban en mal estado para crear zonas infantiles.<\/p>\n<p>El concepto de dise\u00f1o se ha basado en tres elementos: topograf\u00eda, vegetaci\u00f3n y agua. Se genera una topograf\u00eda para gestionar las aguas pluviales durante los eventos de precipitaci\u00f3n. Esta se ha estudiado para que la escorrent\u00eda dirija el agua hacia los diferentes sistemas de drenaje urbano sostenible (SUDS). Las tipolog\u00edas propuestas de SUDS que se ha utilizado son principalmente sistemas de bio-retenci\u00f3n como las tres cuencas de infiltraci\u00f3n conectadas en cascada; zanjas filtrantes perimetral y de conexi\u00f3n entre cuencas; y pavimentos permeables (\u00e1rea acceso al Parque de Benicalap y camino).<\/p>\n<p>Es relevante mencionar que para la construcci\u00f3n del bosque sostenible no se ha hecho extracci\u00f3n de suelo, solo movimientos de tierra, minimizando as\u00ed el impacto ambiental.<\/p>\n<p>La mejora de la biodiversidad se ha logrado creando diferentes estratos de vegetaci\u00f3n (\u00e1rboles, arbustos y plantas terrestres), fomentando la diversidad de especies y creando espacios para el h\u00e1bitat animal. Se ha tenido en cuenta la gesti\u00f3n sostenible de la vegetaci\u00f3n (poda, limpieza, riego). Con el objetivo de mejorar el confort t\u00e9rmico en el \u00e1rea se ha considerado la vegetaci\u00f3n alta para reducir la exposici\u00f3n a la radiaci\u00f3n solar directa.<\/p>\n<p>Por su parte, el corredor verde azul, ubicado en la calle del Foc y la plaza Regino Mas,\u00a0 mejorar\u00e1 el confort t\u00e9rmico, la gesti\u00f3n y calidad del agua, aumentar\u00e1 la biodiversidad (de especies y de estratos vegetales), capturar\u00e1 el CO2 y ayudar\u00e1 a aumentar la percepci\u00f3n de seguridad en el barrio gracias al mobiliario adaptado y a la iluminaci\u00f3n.<\/p>\n<p>Se plantea un laboratorio vivo en el que probar distintas soluciones basadas en la naturaleza incluyendo zonas de bio-retenci\u00f3n (bioc\u00e9lulas), una cuenca de retenci\u00f3n (plaza), y sistemas drenantes (de retenci\u00f3n o filtrantes) bajo las zonas de aparcamiento mediante la utilizaci\u00f3n de distintos pavimentos permeables que filtran y recogen el agua proveniente de la calzada.<\/p>\n<p>El corredor verde azul ha contribuido a crear una ruta peatonal que permite el enlace entre los grandes espacios verdes de la escala territorial y las \u00e1reas de vida urbanas interiores mediante la reintroducci\u00f3n de vegetaci\u00f3n y sistemas de recogida de agua en el distrito.<\/p>\n<p>El proyecto ha transformado la plaza de Regino Mas en un espacio peatonal, con sombra (vegetaci\u00f3n y p\u00e9rgola) y mobiliario adaptado. Adem\u00e1s, la plaza es en s\u00ed un elemento de gesti\u00f3n de agua, ya que recoge las aguas en su parte m\u00e1s baja que es una zona blanda con vegetaci\u00f3n; y se ha permitido la conexi\u00f3n peatonal con las calles circundantes, permitiendo y fomentando su paso a trav\u00e9s.<\/p>\n<p>Se podr\u00eda mencionar que se ha reutilizado la madera de los \u00e1rboles viejos que hab\u00eda para crear zonas infantiles\u00a0por el impacto y la importancia, creo m\u00e1s relevante mencionar primero el bosquete, y luego el corredor.<\/p>\n","protected":false},"excerpt":{"rendered":"<p>El bosquete permite el paso accesible y la conexi\u00f3n peatonal a la calle Andreu Alfaro y genera un nuevo acceso al Parque de Benicalap. El objetivo principal de este corredor&#8230;<\/p>\n","protected":false},"author":2,"featured_media":2139,"comment_status":"closed","ping_status":"closed","sticky":false,"template":"","format":"standard","meta":{"footnotes":""},"categories":[35],"tags":[],"class_list":["post-2146","post","type-post","status-publish","format-standard","has-post-thumbnail","hentry","category-premsa-es"],"_links":{"self":[{"href":"http:\/\/mesverdbenicalap.eu\/es\/wp-json\/wp\/v2\/posts\/2146\/"}],"collection":[{"href":"http:\/\/mesverdbenicalap.eu\/es\/wp-json\/wp\/v2\/posts\/"}],"about":[{"href":"http:\/\/mesverdbenicalap.eu\/es\/wp-json\/wp\/v2\/types\/post\/"}],"author":[{"embeddable":true,"href":"http:\/\/mesverdbenicalap.eu\/es\/wp-json\/wp\/v2\/users\/2\/"}],"replies":[{"embeddable":true,"href":"http:\/\/mesverdbenicalap.eu\/es\/wp-json\/wp\/v2\/comments\/?post=2146"}],"version-history":[{"count":2,"href":"http:\/\/mesverdbenicalap.eu\/es\/wp-json\/wp\/v2\/posts\/2146\/revisions\/"}],"predecessor-version":[{"id":2148,"href":"http:\/\/mesverdbenicalap.eu\/es\/wp-json\/wp\/v2\/posts\/2146\/revisions\/2148\/"}],"wp:featuredmedia":[{"embeddable":true,"href":"http:\/\/mesverdbenicalap.eu\/es\/wp-json\/wp\/v2\/media\/2139\/"}],"wp:attachment":[{"href":"http:\/\/mesverdbenicalap.eu\/es\/wp-json\/wp\/v2\/media\/?parent=2146"}],"wp:term":[{"taxonomy":"category","embeddable":true,"href":"http:\/\/mesverdbenicalap.eu\/es\/wp-json\/wp\/v2\/categories\/?post=2146"},{"taxonomy":"post_tag","embeddable":true,"href":"http:\/\/mesverdbenicalap.eu\/es\/wp-json\/wp\/v2\/tags\/?post=2146"}],"curies":[{"name":"wp","href":"https:\/\/api.w.org\/{rel}","templated":true}]}}