{"id":2149,"date":"2021-09-17T13:10:40","date_gmt":"2021-09-17T11:10:40","guid":{"rendered":"http:\/\/mesverdbenicalap.eu\/?p=2149"},"modified":"2021-09-17T13:16:43","modified_gmt":"2021-09-17T11:16:43","slug":"inauguracion-centro-civico","status":"publish","type":"post","link":"http:\/\/mesverdbenicalap.eu\/es\/inauguracion-centro-civico\/","title":{"rendered":"Inauguraci\u00f3n Centro C\u00edvico"},"content":{"rendered":"<p>Tras un a\u00f1o de trabajo colectivo en el solar del Espai Verd para hacer realidad el Centre C\u00edvic , queremos cerrar esta etapa y celebrar el comienzo de una nueva con todos los vecinos y vecinas de Benicalap.<\/p>\n<p>Por esta raz\u00f3n os invitamos el pr\u00f3ximo <strong>viernes 24 de septiembre al solar del Espai Verd<\/strong> (C\/Salvador Cerver\u00f3 con Av.dels Germans Machado) con el siguiente programa:<\/p>\n<p>17:30h- Presentaci\u00f3n del proyecto junto a <a href=\"https:\/\/www.lasnaves.com\/\">Las Naves<\/a><br \/>\n18:30h- Taller del dispositivo ecol\u00f3gico (horno solar) que albergar\u00e1 la p\u00e9rgola<br \/>\n20:30h- Cena de \u201cpa i porta\u201d: cada persona aporta algo a la cena, y despu\u00e9s compartiremos y disfrutaremos de las diferentes comidas bajo la p\u00e9rgola. Aprovechando la multiculturalidad del barrio, si naciste en alg\u00fan lugar lejano de Benicalap, \u00a1trae algo t\u00edpico de all\u00ed para que lo podamos conocer!<br \/>\n22:30h- Concierto de Sa\u00fcl Vanaclocha, cantautor nacido en Benicalap. Disfrutaremos de un concierto \u00edntimo y bailongo aprovechando el primer encendido oficial de la p\u00e9rgola del Espai.<br \/>\n23:30h- Baile con Carlos Tella, cerrar\u00e1 la velada poniendo m\u00fasica de su pa\u00eds natal, Camer\u00fan, hasta que el toque de queda nos lo permita.<\/p>\n<p>\u00a1Os esperamos!<\/p>\n<p>&nbsp;<\/p>\n","protected":false},"excerpt":{"rendered":"<p>Tras un a\u00f1o de trabajo colectivo en el solar del Espai Verd para hacer realidad el Centre C\u00edvic , queremos cerrar esta etapa y celebrar el comienzo de una nueva&#8230;<\/p>\n","protected":false},"author":2,"featured_media":2143,"comment_status":"closed","ping_status":"closed","sticky":false,"template":"","format":"standard","meta":{"footnotes":""},"categories":[35,36],"tags":[],"class_list":["post-2149","post","type-post","status-publish","format-standard","has-post-thumbnail","hentry","category-premsa-es","category-prensa"],"_links":{"self":[{"href":"http:\/\/mesverdbenicalap.eu\/es\/wp-json\/wp\/v2\/posts\/2149\/"}],"collection":[{"href":"http:\/\/mesverdbenicalap.eu\/es\/wp-json\/wp\/v2\/posts\/"}],"about":[{"href":"http:\/\/mesverdbenicalap.eu\/es\/wp-json\/wp\/v2\/types\/post\/"}],"author":[{"embeddable":true,"href":"http:\/\/mesverdbenicalap.eu\/es\/wp-json\/wp\/v2\/users\/2\/"}],"replies":[{"embeddable":true,"href":"http:\/\/mesverdbenicalap.eu\/es\/wp-json\/wp\/v2\/comments\/?post=2149"}],"version-history":[{"count":3,"href":"http:\/\/mesverdbenicalap.eu\/es\/wp-json\/wp\/v2\/posts\/2149\/revisions\/"}],"predecessor-version":[{"id":2155,"href":"http:\/\/mesverdbenicalap.eu\/es\/wp-json\/wp\/v2\/posts\/2149\/revisions\/2155\/"}],"wp:featuredmedia":[{"embeddable":true,"href":"http:\/\/mesverdbenicalap.eu\/es\/wp-json\/wp\/v2\/media\/2143\/"}],"wp:attachment":[{"href":"http:\/\/mesverdbenicalap.eu\/es\/wp-json\/wp\/v2\/media\/?parent=2149"}],"wp:term":[{"taxonomy":"category","embeddable":true,"href":"http:\/\/mesverdbenicalap.eu\/es\/wp-json\/wp\/v2\/categories\/?post=2149"},{"taxonomy":"post_tag","embeddable":true,"href":"http:\/\/mesverdbenicalap.eu\/es\/wp-json\/wp\/v2\/tags\/?post=2149"}],"curies":[{"name":"wp","href":"https:\/\/api.w.org\/{rel}","templated":true}]}}