{"id":2164,"date":"2021-09-28T13:11:58","date_gmt":"2021-09-28T11:11:58","guid":{"rendered":"http:\/\/mesverdbenicalap.eu\/?p=2164"},"modified":"2021-09-28T13:11:58","modified_gmt":"2021-09-28T11:11:58","slug":"se-abre-el-centre-civic-en-el-espai-verd-para-impulsar-la-convivencia-y-la-participacion-vecinal-de-benicalap","status":"publish","type":"post","link":"http:\/\/mesverdbenicalap.eu\/es\/se-abre-el-centre-civic-en-el-espai-verd-para-impulsar-la-convivencia-y-la-participacion-vecinal-de-benicalap\/","title":{"rendered":"Se abre el Centre C\u00edvic en el Espai Verd para impulsar la convivencia y la participaci\u00f3n vecinal de Benicalap"},"content":{"rendered":"<p><span lang=\"ca-ES\"><b>Esta infraestructura ha sido construida de manera participativa por m\u00e1s de 150 personas, utilizando ma<\/b><\/span><span lang=\"ca-ES\"><b>y<\/b><\/span><span lang=\"ca-ES\"><b>oritariament<\/b><\/span><span lang=\"ca-ES\"><b>e<\/b><\/span><span lang=\"ca-ES\"><b>\u00a0materiales reciclados<\/b><\/span><\/p>\n<p><span lang=\"ca-ES\">El Espa<\/span><span lang=\"ca-ES\">i<\/span><span lang=\"ca-ES\">\u00a0Verd Benicalap y el Centr<\/span><span lang=\"ca-ES\">e<\/span><span lang=\"ca-ES\">\u00a0C\u00edvic Verd han abierto sus puertas con la celebraci\u00f3n de un\u00a0<\/span><span lang=\"ca-ES\">evento<\/span><span lang=\"ca-ES\">\u00a0festivo. Este enclave destinado a uso vecinal y convertido en realidad gracias al proyecto GrowGreen y a la participaci\u00f3n ciudadana, se encuentra ubicado en un antiguo solar entre las calles Salvador Cerver\u00f3 i Carlos Cortina de barrio de Benicalap. Se trata de un espacio con tres elementos diferenciados: 15 parcelas de huertos urbanos, un bosque de plantas comestibles y un Centr<\/span><span lang=\"ca-ES\">e<\/span><span lang=\"ca-ES\">\u00a0C\u00edvic.<\/span><\/p>\n<p><span lang=\"ca-ES\">Tanto\u00a0<\/span><span lang=\"ca-ES\">el Espai<\/span><span lang=\"ca-ES\">\u00a0Verd como el Centr<\/span><span lang=\"ca-ES\">e<\/span><span lang=\"ca-ES\">\u00a0C\u00edvic s<\/span><span lang=\"ca-ES\">\u00f3n\u00a0<\/span><span lang=\"ca-ES\">propuestas ganadoras del Concurso de Iniciativas Verdes Colaborativas, organizado por el proyecto europeo, y que han impulsado las asociaciones Ultramarins 154, Mariposas Ca\u00f3ticas y Makiri Nave, en el caso del Espa<\/span><span lang=\"ca-ES\">i<\/span><span lang=\"ca-ES\">\u00a0Verd, y Arrelaires en el del Centr<\/span><span lang=\"ca-ES\">e<\/span><span lang=\"ca-ES\">\u00a0C\u00edvic.<\/span><\/p>\n<p><span lang=\"ca-ES\">El\u00a0<\/span><span lang=\"ca-ES\">concejal<\/span><span lang=\"ca-ES\">\u00a0de Innovaci\u00f3n y Gesti\u00f3n del Conocimiento del Ayuntamiento de Val\u00e8ncia, Carlos Galiana, ha subrayado que estos trabajos \u00abquieren ser resp<\/span><span lang=\"ca-ES\">uesta<\/span><span lang=\"ca-ES\">\u00a0a las necesidades del barrio.\u00a0<\/span><span lang=\"ca-ES\">Hac\u00eda falta<\/span><span lang=\"ca-ES\">\u00a0un espacio para el di\u00e1logo y la interacci\u00f3n vecinal, un centro donde realizar actividades, donde se favorezca la convivencia, la interacci\u00f3n de los vecinos y vecinas, la participaci\u00f3n, se fomente la educaci\u00f3n en sostenibilidad y que siempre est\u00e9 abierto y accesible a acoger propuestas\u00bb, describe.<\/span><\/p>\n<p><span lang=\"ca-ES\"><b>Espa<\/b><\/span><span lang=\"ca-ES\"><b>i<\/b><\/span><span lang=\"ca-ES\"><b>\u00a0Verd Benicalap<\/b><\/span><\/p>\n<p><span lang=\"ca-ES\">Hace menos de un a\u00f1o se abr\u00eda en una primera fase, el Espa<\/span><span lang=\"ca-ES\">i<\/span><span lang=\"ca-ES\">\u00a0Verd Benicalap, una \u00e1rea de casi 1.900 metros cuadrados, destinada a las asociaciones y centros educativos. El proyecto revitaliza el tejido social del barrio fomentando, adem\u00e1s, la vinculaci\u00f3n con la huerta mediante procesos de aprendizaje sobre el medio ambiente y la sostenibilidad. El espacio cuenta con huertos urbanos comunitarios, plantados y gestionados por varias asociaciones del barrio, las cuales adem\u00e1s, celebran in situ\u00a0<\/span><span lang=\"ca-ES\">sus asambleas<\/span><span lang=\"ca-ES\">, y se programan talleres y actividades abiertas en el p\u00fablico.<\/span><\/p>\n<p><span lang=\"ca-ES\"><b>Centr<\/b><\/span><span lang=\"ca-ES\"><b>e<\/b><\/span><span lang=\"ca-ES\"><b>\u00a0C\u00edvic Verd<\/b><\/span><\/p>\n<p><span lang=\"ca-ES\">Por su parte, el Centr<\/span><span lang=\"ca-ES\">e<\/span><span lang=\"ca-ES\">\u00a0C\u00edvic, ubicado en el interior del Espa<\/span><span lang=\"ca-ES\">i<\/span><span lang=\"ca-ES\">\u00a0Verd, se ha concebido y dise\u00f1ado a partir de la utilizaci\u00f3n de materiales reciclados y de desecho sobrante de demolici\u00f3n de algunas construcciones. Se ha ido constru<\/span><span lang=\"ca-ES\">yendo<\/span><span lang=\"ca-ES\">\u00a0de manera participativa con los vecinos y vecinas con t\u00e9cnicas sencillas y accesibles, en jornadas de construcci\u00f3n convocadas los fines de semana. Se estima que han pasado por la construcci\u00f3n m\u00e1s de 150 personas.<\/span><\/p>\n<p><span lang=\"ca-ES\">Es un espacio donde se pueden hacer tambi\u00e9n las asambleas, actividades, talleres medioambientales, reunirse y protegerse del sol y la lluvia. Consiste en\u00a0<\/span><span lang=\"ca-ES\">una p\u00e9rgola<\/span><span lang=\"ca-ES\">\u00a0con espacio di\u00e1fano para albergar las diferentes actividades, un almac\u00e9n para herramientas de los huertos y herramientas, una cocina solar y una cubierta de placas solares para generar electricidad.<\/span><\/p>\n<p>&nbsp;<\/p>\n","protected":false},"excerpt":{"rendered":"<p>Esta infraestructura ha sido construida de manera participativa por m\u00e1s de 150 personas, utilizando mayoritariamente\u00a0materiales reciclados El Espai\u00a0Verd Benicalap y el Centre\u00a0C\u00edvic Verd han abierto sus puertas con la celebraci\u00f3n&#8230;<\/p>\n","protected":false},"author":2,"featured_media":2161,"comment_status":"closed","ping_status":"closed","sticky":false,"template":"","format":"standard","meta":{"footnotes":""},"categories":[38,27],"tags":[],"class_list":["post-2164","post","type-post","status-publish","format-standard","has-post-thumbnail","hentry","category-obras","category-presentacio"],"_links":{"self":[{"href":"http:\/\/mesverdbenicalap.eu\/es\/wp-json\/wp\/v2\/posts\/2164\/"}],"collection":[{"href":"http:\/\/mesverdbenicalap.eu\/es\/wp-json\/wp\/v2\/posts\/"}],"about":[{"href":"http:\/\/mesverdbenicalap.eu\/es\/wp-json\/wp\/v2\/types\/post\/"}],"author":[{"embeddable":true,"href":"http:\/\/mesverdbenicalap.eu\/es\/wp-json\/wp\/v2\/users\/2\/"}],"replies":[{"embeddable":true,"href":"http:\/\/mesverdbenicalap.eu\/es\/wp-json\/wp\/v2\/comments\/?post=2164"}],"version-history":[{"count":1,"href":"http:\/\/mesverdbenicalap.eu\/es\/wp-json\/wp\/v2\/posts\/2164\/revisions\/"}],"predecessor-version":[{"id":2165,"href":"http:\/\/mesverdbenicalap.eu\/es\/wp-json\/wp\/v2\/posts\/2164\/revisions\/2165\/"}],"wp:featuredmedia":[{"embeddable":true,"href":"http:\/\/mesverdbenicalap.eu\/es\/wp-json\/wp\/v2\/media\/2161\/"}],"wp:attachment":[{"href":"http:\/\/mesverdbenicalap.eu\/es\/wp-json\/wp\/v2\/media\/?parent=2164"}],"wp:term":[{"taxonomy":"category","embeddable":true,"href":"http:\/\/mesverdbenicalap.eu\/es\/wp-json\/wp\/v2\/categories\/?post=2164"},{"taxonomy":"post_tag","embeddable":true,"href":"http:\/\/mesverdbenicalap.eu\/es\/wp-json\/wp\/v2\/tags\/?post=2164"}],"curies":[{"name":"wp","href":"https:\/\/api.w.org\/{rel}","templated":true}]}}