{"id":2190,"date":"2022-02-18T11:38:14","date_gmt":"2022-02-18T10:38:14","guid":{"rendered":"http:\/\/mesverdbenicalap.eu\/?p=2190"},"modified":"2022-02-18T11:38:14","modified_gmt":"2022-02-18T10:38:14","slug":"benicalap-calcotada-cistella-responsable-grow-green","status":"publish","type":"post","link":"http:\/\/mesverdbenicalap.eu\/es\/benicalap-calcotada-cistella-responsable-grow-green\/","title":{"rendered":"Benicalap disfrutar\u00e1 este domingo de una cal\u00e7otada impulsada por la Cistella Responsable del proyecto GrowGreen"},"content":{"rendered":"<p><strong>El Espai Verd Benicalap acoger\u00e1 este evento festivo para promover la cohesi\u00f3n del barrio y el acceso a alimentos locales, de temporada y agroecol\u00f3gicos.<\/strong><\/p>\n<p><strong>La Cistella Responsable es una de las acciones que desarrolla el proyecto GrowGreen en Benicalap, coordinado por Las Naves y financiado por el programa europeo H2020.<\/strong><\/p>\n<p><strong>\u00a0<\/strong><\/p>\n<p>Este domingo 20 de febrero, la Cistella Responsable, proyecto que se enmarca dentro de las acciones piloto que GrowGreen desarrolla en Benicalap, celebra una cal\u00e7otada a la que est\u00e1n invitadas asociaciones, entidades diversas y vecinas y vecinos del barrio. Casa Caridad, el Gremio de Artistas Falleros, \u00c1frica en el coraz\u00f3n, la Asociaci\u00f3n de Vecinas y Vecinos de Benicalap y Ciutat Fallera, entre muchas otras, asistir\u00e1n a este evento cuyo objetivo es crear comunidad, disfrutar del Espai Verd -otra de las iniciativas del proyecto europeo- y acercar alimentos de proximidad y agroecol\u00f3gicos.<\/p>\n<p>La Cistella Responsable es un proyecto solidario y colaborativo en el que participan el Centro Especial de Empleo CEDAT A.G, la Asociaci\u00f3n de Agricultores S\u00f2l viu y la Universitat Polit\u00e8cnica de Valencia, y en la que la parte m\u00e1s importante del proyecto son las personas que forman parte de todo el proceso.<\/p>\n<p>El concejal de Innovaci\u00f3n y Gesti\u00f3n del Conocimiento Carlos Galiana, subraya la \u201cnecesidad de una iniciativa como \u00e9sta, la cual no s\u00f3lo pone el foco en la importancia de los cultivos, productores y productos locales de nuestra huerta, sino tambi\u00e9n en el implicaci\u00f3n de personas con diversidad funcional\u201d.<\/p>\n<p>Este proyecto propone crear cestas compuesta por verduras, frutas y hortalizas de temporada de la zona de l\u2019Horta Nord, y hacer reparto a domicilios, oficinas o, incluso, poder recogerlas en los puntos que tienen dispuestos en las Universidad. La asociaci\u00f3n de agricultores S\u00f2l Viu son los encargados de cuidar y mantener l\u2019Horta y sus productos, para que as\u00ed podamos disfrutarlos sin intermediarios, pero tambi\u00e9n quiere concienciar a las personas a trav\u00e9s de un consumo responsable y, sobre todo, de que comprendan que los cultivos llevan un proceso y por tanto, una temporalidad. Adem\u00e1s, la Cistella Responsable, cuenta en su reparto a domicilio con los miembros de la fundaci\u00f3n CEDAT, fundaci\u00f3n perteneciente a la UPV que trabaja con alumnos con diversidad funcional, dando al proyecto a\u00fan m\u00e1s valor de concienciaci\u00f3n social.<\/p>\n<p><strong>\u00a0<\/strong><\/p>\n<h2><strong>Proyecto GrowGreen<\/strong><\/h2>\n<p>La Cistella Responsable, es una de las acciones que se desarrollan en el marco del proyecto europeo GrowGreen y que est\u00e1n relacionadas con los desaf\u00edos del cambio clim\u00e1tico y la sostenibilidad, apoyando la investigaci\u00f3n y desarrollando soluciones basadas en la naturaleza que puedan dar respuesta a los retos y necesidades de las ciudades modernas.<\/p>\n<p>En el proyecto GrowGreen, financiado por H2020, participan la ciudad de Val\u00e8ncia junto a otras tres ciudades: Manchester (Reino Unido), Wroclaw (Polonia) y Wuhan (China).<\/p>\n<p>&nbsp;<\/p>\n<h2><strong>Missions Val\u00e8ncia 2030<\/strong><\/h2>\n<p>GrowGreen es adem\u00e1s uno de los proyectos que se enmarcan en la l\u00ednea de trabajo de Las Naves y la Delegaci\u00f3n de Innovaci\u00f3n y Conocimiento del Ayuntamiento de Val\u00e8ncia, responsables de Missions Val\u00e8ncia 2030, un modelo de gobernanza de la innovaci\u00f3n basado en misiones que mejoran la vida de las personas. Este modelo de gobernanza a\u00fana a todo el ecosistema de innovaci\u00f3n sin excluir a nadie, porque las misiones de una ciudad, de un pa\u00eds o de toda Europa se consiguen desde la diversidad y con la suma de todas las partes, de todo el talento y de todas las fuentes de conocimiento.<\/p>\n<p>Actualmente se acaba de lanzar la primera misi\u00f3n, Val\u00e8ncia Ciudad Neutra, con el objetivo de convertir a Val\u00e8ncia en una ciudad clim\u00e1ticamente neutra y formar parte de las 100 ciudades que la Comisi\u00f3n Europea va a seleccionar dentro de la misi\u00f3n \u00abciudades inteligentes y clim\u00e1ticamente neutras\u00bb.<\/p>\n","protected":false},"excerpt":{"rendered":"<p>El Espai Verd Benicalap acoger\u00e1 este evento festivo para promover la cohesi\u00f3n del barrio y el acceso a alimentos locales, de temporada y agroecol\u00f3gicos. La Cistella Responsable es una de&#8230;<\/p>\n","protected":false},"author":2,"featured_media":2161,"comment_status":"closed","ping_status":"closed","sticky":false,"template":"","format":"standard","meta":{"footnotes":""},"categories":[30,35],"tags":[],"class_list":["post-2190","post","type-post","status-publish","format-standard","has-post-thumbnail","hentry","category-esdeveniments-es","category-premsa-es"],"_links":{"self":[{"href":"http:\/\/mesverdbenicalap.eu\/es\/wp-json\/wp\/v2\/posts\/2190\/"}],"collection":[{"href":"http:\/\/mesverdbenicalap.eu\/es\/wp-json\/wp\/v2\/posts\/"}],"about":[{"href":"http:\/\/mesverdbenicalap.eu\/es\/wp-json\/wp\/v2\/types\/post\/"}],"author":[{"embeddable":true,"href":"http:\/\/mesverdbenicalap.eu\/es\/wp-json\/wp\/v2\/users\/2\/"}],"replies":[{"embeddable":true,"href":"http:\/\/mesverdbenicalap.eu\/es\/wp-json\/wp\/v2\/comments\/?post=2190"}],"version-history":[{"count":1,"href":"http:\/\/mesverdbenicalap.eu\/es\/wp-json\/wp\/v2\/posts\/2190\/revisions\/"}],"predecessor-version":[{"id":2191,"href":"http:\/\/mesverdbenicalap.eu\/es\/wp-json\/wp\/v2\/posts\/2190\/revisions\/2191\/"}],"wp:featuredmedia":[{"embeddable":true,"href":"http:\/\/mesverdbenicalap.eu\/es\/wp-json\/wp\/v2\/media\/2161\/"}],"wp:attachment":[{"href":"http:\/\/mesverdbenicalap.eu\/es\/wp-json\/wp\/v2\/media\/?parent=2190"}],"wp:term":[{"taxonomy":"category","embeddable":true,"href":"http:\/\/mesverdbenicalap.eu\/es\/wp-json\/wp\/v2\/categories\/?post=2190"},{"taxonomy":"post_tag","embeddable":true,"href":"http:\/\/mesverdbenicalap.eu\/es\/wp-json\/wp\/v2\/tags\/?post=2190"}],"curies":[{"name":"wp","href":"https:\/\/api.w.org\/{rel}","templated":true}]}}