{"id":2224,"date":"2022-02-22T12:38:06","date_gmt":"2022-02-22T11:38:06","guid":{"rendered":"http:\/\/mesverdbenicalap.eu\/?p=2224"},"modified":"2022-03-17T12:38:38","modified_gmt":"2022-03-17T11:38:38","slug":"benicalap-calcotada-cistella-responsable-gaudir","status":"publish","type":"post","link":"http:\/\/mesverdbenicalap.eu\/es\/benicalap-calcotada-cistella-responsable-gaudir\/","title":{"rendered":"Benicalap disfrut\u00f3 de una cal\u00e7otada entre vecinos y vecinas. Impulsada por la Cistella Responsable de GrowGreen"},"content":{"rendered":"[vc_row type=\u00bbin_container\u00bb full_screen_row_position=\u00bbmiddle\u00bb scene_position=\u00bbcenter\u00bb text_color=\u00bbdark\u00bb text_align=\u00bbleft\u00bb overlay_strength=\u00bb0.3&#8243;][vc_column column_padding=\u00bbno-extra-padding\u00bb column_padding_position=\u00bball\u00bb background_color_opacity=\u00bb1&#8243; background_hover_color_opacity=\u00bb1&#8243; column_shadow=\u00bbnone\u00bb width=\u00bb1\/1&#8243; tablet_text_alignment=\u00bbdefault\u00bb phone_text_alignment=\u00bbdefault\u00bb column_border_width=\u00bbnone\u00bb column_border_style=\u00bbsolid\u00bb][vc_column_text]<strong>El Espai Verd acogi\u00f3 el pasado domingo 20 de febrero, un evento festivo para promover la cohesi\u00f3n del barrio y el acceso a alimentos locales, de temporada y agroecol\u00f3gicos.<\/strong><\/p>\n<p>La <a href=\"https:\/\/www.cistellaresponsable.com\/\">Cistella Responsable<\/a> es una de las acciones que desarrolla el proyecto GrowGreen en Benicalap, coordinado por <a href=\"https:\/\/www.lasnaves.com\/?lang=es\">Las Naves<\/a> y financiado por el programa europeo H2020.<\/p>\n<p>Casa Caridad, el Gremio de Artistas Falleros, \u00c1frica en el coraz\u00f3n, la Asociaci\u00f3n de Vecinas y Vecinos de Benicalap y Ciudad Fallera, entre otras muchas,\u00a0asistieron a este acontecimiento el objetivo del cual es crear comunidad, disfrutar del Espai Verd -otra de las iniciativas del proyecto europeo- y acercar alimentos de proximidad y agroecol\u00f3gicos.<\/p>\n<h2>Disfruta de las fotos de la cal\u00e7otada!<\/h2>\n[\/vc_column_text][\/vc_column][\/vc_row][vc_row type=\u00bbin_container\u00bb full_screen_row_position=\u00bbmiddle\u00bb scene_position=\u00bbcenter\u00bb text_color=\u00bbdark\u00bb text_align=\u00bbleft\u00bb overlay_strength=\u00bb0.3&#8243;][vc_column column_padding=\u00bbno-extra-padding\u00bb column_padding_position=\u00bball\u00bb background_color_opacity=\u00bb1&#8243; background_hover_color_opacity=\u00bb1&#8243; column_shadow=\u00bbnone\u00bb width=\u00bb1\/1&#8243; tablet_text_alignment=\u00bbdefault\u00bb phone_text_alignment=\u00bbdefault\u00bb column_border_width=\u00bbnone\u00bb column_border_style=\u00bbsolid\u00bb][vc_gallery type=\u00bbparallax_image_grid\u00bb images=\u00bb2194,2196,2198,2200,2202,2204,2206,2208,2210,2212,2214,2216&#8243;][\/vc_column][\/vc_row][vc_row type=\u00bbin_container\u00bb full_screen_row_position=\u00bbmiddle\u00bb scene_position=\u00bbcenter\u00bb text_color=\u00bbdark\u00bb text_align=\u00bbleft\u00bb overlay_strength=\u00bb0.3&#8243;][vc_column column_padding=\u00bbno-extra-padding\u00bb column_padding_position=\u00bball\u00bb background_color_opacity=\u00bb1&#8243; background_hover_color_opacity=\u00bb1&#8243; column_shadow=\u00bbnone\u00bb width=\u00bb1\/1&#8243; tablet_text_alignment=\u00bbdefault\u00bb phone_text_alignment=\u00bbdefault\u00bb column_border_width=\u00bbnone\u00bb column_border_style=\u00bbsolid\u00bb][vc_column_text]La Cistella Responsable es un proyecto solidario y colaborativo en el cual participan el Centro Especial de Ocupaci\u00f3n CEDAT A.G, la Asociaci\u00f3n de Agricultores S\u00f2l viu y la Universitat Polit\u00e8cnica de Val\u00e8ncia, donde las personas son la parte m\u00e1s importante del proyecto.[\/vc_column_text][\/vc_column][\/vc_row]\n","protected":false},"excerpt":{"rendered":"<p>[vc_row type=\u00bbin_container\u00bb full_screen_row_position=\u00bbmiddle\u00bb scene_position=\u00bbcenter\u00bb text_color=\u00bbdark\u00bb text_align=\u00bbleft\u00bb overlay_strength=\u00bb0.3&#8243;][vc_column column_padding=\u00bbno-extra-padding\u00bb column_padding_position=\u00bball\u00bb background_color_opacity=\u00bb1&#8243; background_hover_color_opacity=\u00bb1&#8243; column_shadow=\u00bbnone\u00bb width=\u00bb1\/1&#8243; tablet_text_alignment=\u00bbdefault\u00bb phone_text_alignment=\u00bbdefault\u00bb column_border_width=\u00bbnone\u00bb column_border_style=\u00bbsolid\u00bb][vc_column_text]El Espai Verd acogi\u00f3 el pasado domingo 20 de febrero, un evento festivo para&#8230;<\/p>\n","protected":false},"author":2,"featured_media":2197,"comment_status":"closed","ping_status":"closed","sticky":false,"template":"","format":"standard","meta":{"footnotes":""},"categories":[30],"tags":[],"class_list":["post-2224","post","type-post","status-publish","format-standard","has-post-thumbnail","hentry","category-esdeveniments-es"],"_links":{"self":[{"href":"http:\/\/mesverdbenicalap.eu\/es\/wp-json\/wp\/v2\/posts\/2224\/"}],"collection":[{"href":"http:\/\/mesverdbenicalap.eu\/es\/wp-json\/wp\/v2\/posts\/"}],"about":[{"href":"http:\/\/mesverdbenicalap.eu\/es\/wp-json\/wp\/v2\/types\/post\/"}],"author":[{"embeddable":true,"href":"http:\/\/mesverdbenicalap.eu\/es\/wp-json\/wp\/v2\/users\/2\/"}],"replies":[{"embeddable":true,"href":"http:\/\/mesverdbenicalap.eu\/es\/wp-json\/wp\/v2\/comments\/?post=2224"}],"version-history":[{"count":1,"href":"http:\/\/mesverdbenicalap.eu\/es\/wp-json\/wp\/v2\/posts\/2224\/revisions\/"}],"predecessor-version":[{"id":2225,"href":"http:\/\/mesverdbenicalap.eu\/es\/wp-json\/wp\/v2\/posts\/2224\/revisions\/2225\/"}],"wp:featuredmedia":[{"embeddable":true,"href":"http:\/\/mesverdbenicalap.eu\/es\/wp-json\/wp\/v2\/media\/2197\/"}],"wp:attachment":[{"href":"http:\/\/mesverdbenicalap.eu\/es\/wp-json\/wp\/v2\/media\/?parent=2224"}],"wp:term":[{"taxonomy":"category","embeddable":true,"href":"http:\/\/mesverdbenicalap.eu\/es\/wp-json\/wp\/v2\/categories\/?post=2224"},{"taxonomy":"post_tag","embeddable":true,"href":"http:\/\/mesverdbenicalap.eu\/es\/wp-json\/wp\/v2\/tags\/?post=2224"}],"curies":[{"name":"wp","href":"https:\/\/api.w.org\/{rel}","templated":true}]}}