{"id":2257,"date":"2022-03-17T13:08:48","date_gmt":"2022-03-17T12:08:48","guid":{"rendered":"http:\/\/mesverdbenicalap.eu\/?p=2257"},"modified":"2022-03-17T13:28:27","modified_gmt":"2022-03-17T12:28:27","slug":"taller-cocina-ecologica-sostenible","status":"publish","type":"post","link":"http:\/\/mesverdbenicalap.eu\/es\/taller-cocina-ecologica-sostenible\/","title":{"rendered":"Taller de cocina ecol\u00f3gica y sostenible"},"content":{"rendered":"<p>El pr\u00f3ximo mi\u00e9rcoles 23 de marzo el proyecto Cistella Responsable de Growgreen organiza un taller de preparaci\u00f3n de pat\u00e9s vegetales con verduras ecol\u00f3gicas, aportadas por el propio proyecto.<\/p>\n<p>Luego del taller, se contar\u00e1 con un momento de degustaci\u00f3n para disfrutar entre vecinos y vecinas.<\/p>\n<p>El taller estar\u00e1 impartido por Alejandra Schvartz: formada en cocina vegana, crudivegana, panader\u00eda artesanal y sin gluten.<\/p>\n<p>El taller empezar\u00e1 a las 17:30h y se extender\u00e1 hasta las 20:30h, a las 17:30 ser\u00e1 la primera sesi\u00f3n y el as 19 horas la segunda sesi\u00f3n.<\/p>\n<h3>Aprender a alimentarnos bien es cuidar de nosotros y de los nuestros.<\/h3>\n<p>El taller se realizar\u00e1 en el herbolario Flor de vida situado en C\/Poeta Serrano, 24 del barrio de Benicalap (Val\u00e8ncia). Puedes inscribirte enviando un WhatsApp al 694477494, un mensaje directo o un correo a cedatinfo@upv.es.<\/p>\n<p><img loading=\"lazy\" decoding=\"async\" class=\"alignnone wp-image-2258 size-full\" src=\"http:\/\/mesverdbenicalap.eu\/wp-content\/uploads\/2022\/03\/Taller_Facebook_Castellano.jpg\" alt=\"\" width=\"810\" height=\"540\" srcset=\"http:\/\/mesverdbenicalap.eu\/wp-content\/uploads\/2022\/03\/Taller_Facebook_Castellano.jpg 810w, http:\/\/mesverdbenicalap.eu\/wp-content\/uploads\/2022\/03\/Taller_Facebook_Castellano-300x200.jpg 300w, http:\/\/mesverdbenicalap.eu\/wp-content\/uploads\/2022\/03\/Taller_Facebook_Castellano-768x512.jpg 768w, http:\/\/mesverdbenicalap.eu\/wp-content\/uploads\/2022\/03\/Taller_Facebook_Castellano-675x450.jpg 675w\" sizes=\"auto, (max-width: 810px) 100vw, 810px\" \/><\/p>\n","protected":false},"excerpt":{"rendered":"<p>El pr\u00f3ximo mi\u00e9rcoles 23 de marzo el proyecto Cistella Responsable de Growgreen organiza un taller de preparaci\u00f3n de pat\u00e9s vegetales con verduras ecol\u00f3gicas, aportadas por el propio proyecto. Luego del&#8230;<\/p>\n","protected":false},"author":2,"featured_media":2253,"comment_status":"closed","ping_status":"closed","sticky":false,"template":"","format":"standard","meta":{"footnotes":""},"categories":[30],"tags":[],"class_list":["post-2257","post","type-post","status-publish","format-standard","has-post-thumbnail","hentry","category-esdeveniments-es"],"_links":{"self":[{"href":"http:\/\/mesverdbenicalap.eu\/es\/wp-json\/wp\/v2\/posts\/2257\/"}],"collection":[{"href":"http:\/\/mesverdbenicalap.eu\/es\/wp-json\/wp\/v2\/posts\/"}],"about":[{"href":"http:\/\/mesverdbenicalap.eu\/es\/wp-json\/wp\/v2\/types\/post\/"}],"author":[{"embeddable":true,"href":"http:\/\/mesverdbenicalap.eu\/es\/wp-json\/wp\/v2\/users\/2\/"}],"replies":[{"embeddable":true,"href":"http:\/\/mesverdbenicalap.eu\/es\/wp-json\/wp\/v2\/comments\/?post=2257"}],"version-history":[{"count":3,"href":"http:\/\/mesverdbenicalap.eu\/es\/wp-json\/wp\/v2\/posts\/2257\/revisions\/"}],"predecessor-version":[{"id":2266,"href":"http:\/\/mesverdbenicalap.eu\/es\/wp-json\/wp\/v2\/posts\/2257\/revisions\/2266\/"}],"wp:featuredmedia":[{"embeddable":true,"href":"http:\/\/mesverdbenicalap.eu\/es\/wp-json\/wp\/v2\/media\/2253\/"}],"wp:attachment":[{"href":"http:\/\/mesverdbenicalap.eu\/es\/wp-json\/wp\/v2\/media\/?parent=2257"}],"wp:term":[{"taxonomy":"category","embeddable":true,"href":"http:\/\/mesverdbenicalap.eu\/es\/wp-json\/wp\/v2\/categories\/?post=2257"},{"taxonomy":"post_tag","embeddable":true,"href":"http:\/\/mesverdbenicalap.eu\/es\/wp-json\/wp\/v2\/tags\/?post=2257"}],"curies":[{"name":"wp","href":"https:\/\/api.w.org\/{rel}","templated":true}]}}