{"id":2499,"date":"2022-05-06T12:44:31","date_gmt":"2022-05-06T10:44:31","guid":{"rendered":"http:\/\/mesverdbenicalap.eu\/?p=2499"},"modified":"2022-05-06T12:44:31","modified_gmt":"2022-05-06T10:44:31","slug":"concurso-dibujo-foto-cistella-responsable","status":"publish","type":"post","link":"http:\/\/mesverdbenicalap.eu\/es\/concurso-dibujo-foto-cistella-responsable\/","title":{"rendered":"Concurso de dibujo y fotograf\u00eda de Cistella Responsable"},"content":{"rendered":"<p>Cistella Responsable es una iniciativa conjunta de un grupo de personas productoras de la Huerta de Valencia y del CEDAT (centro especial de empleo para personas con diversidad funcional), a trav\u00e9s de la cual facilita el acceso a alimentos locales, de temporada y agroecol\u00f3gicos. Estos alimentos son cultivados y distribuidos por ellos mismos.<\/p>\n<p>Gracias al proyecto GrowGreen, desarrollado en Val\u00e8ncia por Las Naves, centro de innovaci\u00f3n del Ayuntamiento de Val\u00e8ncia, han comenzado a trabajar en el barrio de Benicalap \u2013 Ciutat Fallera. Barrio en el que quieren compartir sus valores de amor y respeto a la huerta valenciana y conectarla con el arte y la sostenibilidad. Es por ello que han convocado un concurso de dibujo y fotograf\u00eda con el que adentrarse, probar y conocer la huerta.<\/p>\n<p>Ambas categor\u00edas tienen premios econ\u00f3micos y podr\u00e1n presentarse personas de todas las edades, en el concurso de dibujo, y mayores de 12 a\u00f1os, en el concurso de fotograf\u00eda, hasta el 30 de mayo.<\/p>\n<p><a href=\"https:\/\/drive.google.com\/file\/d\/1bmIVkqNj0VIvvsDwbC8-0DA6Gr1Y8q8k\/view\">Mira aqu\u00ed las bases del concurso<\/a><\/p>\n<p><img loading=\"lazy\" decoding=\"async\" class=\"aligncenter wp-image-2500 size-full\" src=\"http:\/\/mesverdbenicalap.eu\/wp-content\/uploads\/2022\/05\/concurso-foto.jpg\" alt=\"\" width=\"810\" height=\"540\" srcset=\"http:\/\/mesverdbenicalap.eu\/wp-content\/uploads\/2022\/05\/concurso-foto.jpg 810w, http:\/\/mesverdbenicalap.eu\/wp-content\/uploads\/2022\/05\/concurso-foto-300x200.jpg 300w, http:\/\/mesverdbenicalap.eu\/wp-content\/uploads\/2022\/05\/concurso-foto-768x512.jpg 768w, http:\/\/mesverdbenicalap.eu\/wp-content\/uploads\/2022\/05\/concurso-foto-675x450.jpg 675w\" sizes=\"auto, (max-width: 810px) 100vw, 810px\" \/><\/p>\n","protected":false},"excerpt":{"rendered":"<p>Cistella Responsable es una iniciativa conjunta de un grupo de personas productoras de la Huerta de Valencia y del CEDAT (centro especial de empleo para personas con diversidad funcional), a&#8230;<\/p>\n","protected":false},"author":2,"featured_media":2500,"comment_status":"closed","ping_status":"closed","sticky":false,"template":"","format":"standard","meta":{"footnotes":""},"categories":[35,32],"tags":[],"class_list":["post-2499","post","type-post","status-publish","format-standard","has-post-thumbnail","hentry","category-premsa-es","category-projectes-es"],"_links":{"self":[{"href":"http:\/\/mesverdbenicalap.eu\/es\/wp-json\/wp\/v2\/posts\/2499\/"}],"collection":[{"href":"http:\/\/mesverdbenicalap.eu\/es\/wp-json\/wp\/v2\/posts\/"}],"about":[{"href":"http:\/\/mesverdbenicalap.eu\/es\/wp-json\/wp\/v2\/types\/post\/"}],"author":[{"embeddable":true,"href":"http:\/\/mesverdbenicalap.eu\/es\/wp-json\/wp\/v2\/users\/2\/"}],"replies":[{"embeddable":true,"href":"http:\/\/mesverdbenicalap.eu\/es\/wp-json\/wp\/v2\/comments\/?post=2499"}],"version-history":[{"count":1,"href":"http:\/\/mesverdbenicalap.eu\/es\/wp-json\/wp\/v2\/posts\/2499\/revisions\/"}],"predecessor-version":[{"id":2502,"href":"http:\/\/mesverdbenicalap.eu\/es\/wp-json\/wp\/v2\/posts\/2499\/revisions\/2502\/"}],"wp:featuredmedia":[{"embeddable":true,"href":"http:\/\/mesverdbenicalap.eu\/es\/wp-json\/wp\/v2\/media\/2500\/"}],"wp:attachment":[{"href":"http:\/\/mesverdbenicalap.eu\/es\/wp-json\/wp\/v2\/media\/?parent=2499"}],"wp:term":[{"taxonomy":"category","embeddable":true,"href":"http:\/\/mesverdbenicalap.eu\/es\/wp-json\/wp\/v2\/categories\/?post=2499"},{"taxonomy":"post_tag","embeddable":true,"href":"http:\/\/mesverdbenicalap.eu\/es\/wp-json\/wp\/v2\/tags\/?post=2499"}],"curies":[{"name":"wp","href":"https:\/\/api.w.org\/{rel}","templated":true}]}}