{"id":3084,"date":"2021-04-27T09:13:23","date_gmt":"2021-04-27T07:13:23","guid":{"rendered":"http:\/\/mesverdbenicalap.eu\/?p=3084"},"modified":"2022-05-25T09:18:10","modified_gmt":"2022-05-25T07:18:10","slug":"murcielagos-especies-valencia","status":"publish","type":"post","link":"http:\/\/mesverdbenicalap.eu\/es\/murcielagos-especies-valencia\/","title":{"rendered":"El Parque de Benicalap acoge el 75% de las especies de murci\u00e9lagos que hay en Val\u00e8ncia"},"content":{"rendered":"<h3 class=\"bloque_subtitulo\">Aliats Alats pretende concienciar a la ciudadan\u00eda de la importancia de mantener la biodiversidad urbana, y de conservar aves y murci\u00e9lagos para combatir de manera natural las plagas de mosquitos<\/h3>\n<p><strong>El 75% de las especies de murci\u00e9lagos de la Ciudad de Val\u00e8ncia se encuentra en el Parque de Benicalap. \u00c9sta es una de las conclusiones de la investigaci\u00f3n realizada por el proyecto Aliats Alats, en el marco de la iniciativa europea GrowGreen, coordinada en Val\u00e8ncia por Las Naves. Durante seis meses unas grabadoras de ultrasonidos han registrado la actividad, el comportamiento y los h\u00e1bitos de los murci\u00e9lagos que sobrevuelan y viven en el Parque de Benicalap. El resultado de este seguimiento ha sido un informe en el que, entre sus conclusiones, se subraya que el parque acoge a 6 de las 8 especies de murci\u00e9lagos que hay en Val\u00e8ncia.<\/strong><\/p>\n<p>&nbsp;<\/p>\n<p>Esta investigaci\u00f3n forma parte del proyecto, ejecutado por C\u00e0dec, \u201cAliats Alats\u201d, una iniciativa que el a\u00f1o pasado result\u00f3 premiada en el Concurso de Iniciativas Verdes Colaborativas del proyecto europeo GrowGreen. El concejal de Innovaci\u00f3n y Gesti\u00f3n del Conocimiento del Ayuntamiento de Val\u00e8ncia, Carlos Galiana explica que la intenci\u00f3n de GrowGreen -que est\u00e1 desarroll\u00e1ndose en el barrio de Benicalap con la coordinaci\u00f3n de Las Naves- \u201cera galardonar acciones en la \u00f3rbita de la sostenibilidad, la protecci\u00f3n a la biodiversidad y la adaptaci\u00f3n al cambio clim\u00e1tico. Aliats Alats cumpl\u00eda estas m\u00e1ximas\u201d.<\/p>\n<p>La propuesta de C\u00e0dec tiene como objetivo concienciar al vecindario del barrio sobre la importancia de la biodiversidad urbana, la conservaci\u00f3n y potenciaci\u00f3n de la fauna y en especial de las aves insect\u00edvoras y los murci\u00e9lagos.<\/p>\n<p>&nbsp;<\/p>\n<p><strong>ESTACI\u00d3N DE SEGUIMIENTO<\/strong><\/p>\n<p>Como consecuencia de la pandemia, el proyecto ha aplazado la parte de participaci\u00f3n ciudadana, la cual empezar\u00e1 en unas semanas, pero mientras tanto han ido trabajando la vertiente investigadora. Por ello, procedieron a instalar durante el a\u00f1o pasado una estaci\u00f3n de seguimiento de los murci\u00e9lagos en el Parque de Benicalap, con el fin de valorar la diversidad y densidad de especies, el uso que hacen de los ambientes del parque, as\u00ed como analizar el patr\u00f3n diario y estacional de la actividad de estos mam\u00edferos.<\/p>\n<p>Las grabadoras de ultrasonidos quedaron instaladas cerca de unas balsas de agua del parque porque es donde se acumula mayor cantidad de mosquitos, alimentaci\u00f3n de estos mam\u00edferos. Estas grabaciones se llevaron a cabo durante un periodo de 6 meses en las \u00faltimas horas de la tarde y por la noche, coincidiendo as\u00ed en gran medida con un periodo de gran actividad de los murci\u00e9lagos.<\/p>\n<p>As\u00ed, se ha podido conocer que el parque acoge al 75% de las especies de murci\u00e9lagos que viven en nuestra ciudad. Toni Alcocer, responsable del proyecto, explica que C\u00e0dec ya realiz\u00f3 un estudio sobre poblaciones de murci\u00e9lagos en Val\u00e8ncia en 2019: \u201ceste estudio se enmarc\u00f3 dentro de una estrategia para el dise\u00f1o y desarrollo de planes de conservaci\u00f3n, dise\u00f1o e implementaci\u00f3n de acciones para la protecci\u00f3n y conservaci\u00f3n de fauna dentro del \u00e1rea metropolitana de Val\u00e8ncia. En aquel momento ya analizamos 15 zonas verdes de toda la ciudad y as\u00ed comprobamos la existencia de 8 especies de quir\u00f3pteros (murci\u00e9lagos). De esas 8 especies hemos visto que 6 est\u00e1n en el Parque de Benicalap\u201d.<\/p>\n<p>&nbsp;<\/p>\n<p><strong>SEIS ESPECIES DE MURCI\u00c9LAGOS CONTRA LOS MOSQUITOS<\/strong><\/p>\n<p>Estas 6 especies de murci\u00e9lagos son todas fisur\u00edculas, es decir, emplean rendijas, agujeros, cajones de persianas, juntas de dilataci\u00f3n, etc., como refugio, incluso para criar. Son el murci\u00e9lago de Cabrera y el murci\u00e9lago com\u00fan -ambos con mayor presencia en el parque-, el murci\u00e9lago hortelano, el murci\u00e9lago rabudo, el murci\u00e9lago de borde claro y el murci\u00e9lago monta\u00f1ero, estos dos \u00faltimos los menos regulares.<\/p>\n<p>El informe tambi\u00e9n detalla que gran parte de los murci\u00e9lagos del Parque de Benicalap \u201cson susceptibles de ocupar refugios artificiales hechos para ellos, por lo tanto es importante que en estos jardines se potencie su colocaci\u00f3n. Los murci\u00e9lagos nos ayudan a combatir de manera natural y ecol\u00f3gica las posibles plagas de insectos que afecten la ciudadan\u00eda -mosquitos- al propio parque, o a los cultivos. Un murci\u00e9lago puede consumir en una sola noche una cantidad de insectos equivalente a entre un cuarto y su peso corporal completo\u201d, explica Alcocer.<\/p>\n<p>&nbsp;<\/p>\n<p><strong>PARTICIPACI\u00d3N CIUDADANA<\/strong><\/p>\n<p>Ahora, el proyecto entra en una segunda fase, destinada a la concienciaci\u00f3n ciudadana. Para conseguir este objetivo, se han preparado talleres abiertos a todos los p\u00fablicos de construcci\u00f3n de cajas nidos, as\u00ed como est\u00e1 previsto tambi\u00e9n la celebraci\u00f3n de \u201cbatnights\u201d, sesiones de seguimiento con sensores de los murci\u00e9lagos en el Parque de Benicalap.<\/p>\n<p>GrowGreen es un proyecto europeo, coordinado por Las Naves, que cuenta con la participaci\u00f3n del Ayuntamiento de Val\u00e8ncia, la Universitat Polit\u00e8cnica de Val\u00e8ncia, y entidades especializadas en innovaci\u00f3n urbana participativa y en urbanismo bioclim\u00e1tico como son Paisaje Transversal, Leitat, Bipolaire Arquitectos y Tecnalia.<\/p>\n","protected":false},"excerpt":{"rendered":"<p>Aliats Alats pretende concienciar a la ciudadan\u00eda de la importancia de mantener la biodiversidad urbana, y de conservar aves y murci\u00e9lagos para combatir de manera natural las plagas de mosquitos&#8230;<\/p>\n","protected":false},"author":2,"featured_media":3085,"comment_status":"closed","ping_status":"closed","sticky":false,"template":"","format":"standard","meta":{"footnotes":""},"categories":[35,32],"tags":[],"class_list":["post-3084","post","type-post","status-publish","format-standard","has-post-thumbnail","hentry","category-premsa-es","category-projectes-es"],"_links":{"self":[{"href":"http:\/\/mesverdbenicalap.eu\/es\/wp-json\/wp\/v2\/posts\/3084\/"}],"collection":[{"href":"http:\/\/mesverdbenicalap.eu\/es\/wp-json\/wp\/v2\/posts\/"}],"about":[{"href":"http:\/\/mesverdbenicalap.eu\/es\/wp-json\/wp\/v2\/types\/post\/"}],"author":[{"embeddable":true,"href":"http:\/\/mesverdbenicalap.eu\/es\/wp-json\/wp\/v2\/users\/2\/"}],"replies":[{"embeddable":true,"href":"http:\/\/mesverdbenicalap.eu\/es\/wp-json\/wp\/v2\/comments\/?post=3084"}],"version-history":[{"count":1,"href":"http:\/\/mesverdbenicalap.eu\/es\/wp-json\/wp\/v2\/posts\/3084\/revisions\/"}],"predecessor-version":[{"id":3087,"href":"http:\/\/mesverdbenicalap.eu\/es\/wp-json\/wp\/v2\/posts\/3084\/revisions\/3087\/"}],"wp:featuredmedia":[{"embeddable":true,"href":"http:\/\/mesverdbenicalap.eu\/es\/wp-json\/wp\/v2\/media\/3085\/"}],"wp:attachment":[{"href":"http:\/\/mesverdbenicalap.eu\/es\/wp-json\/wp\/v2\/media\/?parent=3084"}],"wp:term":[{"taxonomy":"category","embeddable":true,"href":"http:\/\/mesverdbenicalap.eu\/es\/wp-json\/wp\/v2\/categories\/?post=3084"},{"taxonomy":"post_tag","embeddable":true,"href":"http:\/\/mesverdbenicalap.eu\/es\/wp-json\/wp\/v2\/tags\/?post=3084"}],"curies":[{"name":"wp","href":"https:\/\/api.w.org\/{rel}","templated":true}]}}