{"id":3123,"date":"2022-05-31T10:00:26","date_gmt":"2022-05-31T08:00:26","guid":{"rendered":"http:\/\/mesverdbenicalap.eu\/?p=3123"},"modified":"2022-06-13T13:57:30","modified_gmt":"2022-06-13T11:57:30","slug":"acto-final-grow-green","status":"publish","type":"post","link":"http:\/\/mesverdbenicalap.eu\/es\/acto-final-grow-green\/","title":{"rendered":"Acto final de GrowGreen: Merienda con nosotros en Benicalap"},"content":{"rendered":"<p>El proyecto europeo GrowGreen llega a su fin y lo hace a lo grande. El pr\u00f3ximo 18 de junio celebramos con m\u00fasica en vivo, talleres para ni\u00f1os y ni\u00f1as, merienda y recorrido por los pilotos, con el objetivo de <strong>visibilizar las soluciones basadas en la naturaleza<\/strong> desarrolladas en el marco del proyecto GrowGreen en Val\u00e8ncia.<\/p>\n<p>El evento festivo se celebrar\u00e1 en la Plaza Regino Mas, desde las 18:30h en el que haremos un recorrido circular por los pilotos desarrollados en Benicalap, animando al barrio a que se una a la fiesta de GrowGreen.<\/p>\n<p>Una vez realizado el recorrido, junto a asociaciones, vecinas y vecinos, disfrutaremos de m\u00fasica en vivo con la Banda de M\u00fasica de Benicalap mientras compartimos una merienda. Daremos a conocer los pr\u00f3ximos talleres organizados para la ciudadan\u00eda y para los m\u00e1s peque\u00f1os y peque\u00f1as, habr\u00e1 talleres orientados a la sostenibilidad para aprender jugando, impartidos por proyecto Komba Educaci\u00f3n.<\/p>\n<p>El evento es gratuito y con acceso libre para todas las personas que quieran acercarse y celebrar un Benicalap m\u00e1s verde y sostenible.<\/p>\n<p><img loading=\"lazy\" decoding=\"async\" class=\"aligncenter wp-image-3124 size-large\" src=\"http:\/\/mesverdbenicalap.eu\/wp-content\/uploads\/2022\/05\/Invitaciones_ActeFinal-1024x512.jpg\" alt=\"\" width=\"1024\" height=\"512\" srcset=\"http:\/\/mesverdbenicalap.eu\/wp-content\/uploads\/2022\/05\/Invitaciones_ActeFinal-1024x512.jpg 1024w, http:\/\/mesverdbenicalap.eu\/wp-content\/uploads\/2022\/05\/Invitaciones_ActeFinal-300x150.jpg 300w, http:\/\/mesverdbenicalap.eu\/wp-content\/uploads\/2022\/05\/Invitaciones_ActeFinal-768x384.jpg 768w, http:\/\/mesverdbenicalap.eu\/wp-content\/uploads\/2022\/05\/Invitaciones_ActeFinal.jpg 1042w\" sizes=\"auto, (max-width: 1024px) 100vw, 1024px\" \/><\/p>\n<p><strong>\u00bfD\u00f3nde?<\/strong><\/p>\n<p>Plaza Regino Mas<\/p>\n<p><strong>\u00bfCu\u00e1ndo?<\/strong><\/p>\n<p>El 18 de junio<\/p>\n<p><strong>\u00bfA qu\u00e9 hora?<\/strong><\/p>\n<p>Desde las 18:30h hasta las 21h.<\/p>\n<p>En el proyecto GrowGreen, financiado por H2020, participan la ciudad de Val\u00e8ncia junto a otras tres ciudades: Manchester (Reino Unido), Wroclaw (Polonia) y Wuhan (China).<\/p>\n","protected":false},"excerpt":{"rendered":"<p>El proyecto europeo GrowGreen llega a su fin y lo hace a lo grande. El pr\u00f3ximo 18 de junio celebramos con m\u00fasica en vivo, talleres para ni\u00f1os y ni\u00f1as, merienda&#8230;<\/p>\n","protected":false},"author":2,"featured_media":3124,"comment_status":"closed","ping_status":"closed","sticky":false,"template":"","format":"standard","meta":{"footnotes":""},"categories":[37,35],"tags":[],"class_list":["post-3123","post","type-post","status-publish","format-standard","has-post-thumbnail","hentry","category-eventos","category-premsa-es"],"_links":{"self":[{"href":"http:\/\/mesverdbenicalap.eu\/es\/wp-json\/wp\/v2\/posts\/3123\/"}],"collection":[{"href":"http:\/\/mesverdbenicalap.eu\/es\/wp-json\/wp\/v2\/posts\/"}],"about":[{"href":"http:\/\/mesverdbenicalap.eu\/es\/wp-json\/wp\/v2\/types\/post\/"}],"author":[{"embeddable":true,"href":"http:\/\/mesverdbenicalap.eu\/es\/wp-json\/wp\/v2\/users\/2\/"}],"replies":[{"embeddable":true,"href":"http:\/\/mesverdbenicalap.eu\/es\/wp-json\/wp\/v2\/comments\/?post=3123"}],"version-history":[{"count":5,"href":"http:\/\/mesverdbenicalap.eu\/es\/wp-json\/wp\/v2\/posts\/3123\/revisions\/"}],"predecessor-version":[{"id":3194,"href":"http:\/\/mesverdbenicalap.eu\/es\/wp-json\/wp\/v2\/posts\/3123\/revisions\/3194\/"}],"wp:featuredmedia":[{"embeddable":true,"href":"http:\/\/mesverdbenicalap.eu\/es\/wp-json\/wp\/v2\/media\/3124\/"}],"wp:attachment":[{"href":"http:\/\/mesverdbenicalap.eu\/es\/wp-json\/wp\/v2\/media\/?parent=3123"}],"wp:term":[{"taxonomy":"category","embeddable":true,"href":"http:\/\/mesverdbenicalap.eu\/es\/wp-json\/wp\/v2\/categories\/?post=3123"},{"taxonomy":"post_tag","embeddable":true,"href":"http:\/\/mesverdbenicalap.eu\/es\/wp-json\/wp\/v2\/tags\/?post=3123"}],"curies":[{"name":"wp","href":"https:\/\/api.w.org\/{rel}","templated":true}]}}