{"id":3182,"date":"2022-06-09T21:32:35","date_gmt":"2022-06-09T19:32:35","guid":{"rendered":"http:\/\/mesverdbenicalap.eu\/concurs-expo-dibuixos-fotografies\/"},"modified":"2022-06-13T19:46:09","modified_gmt":"2022-06-13T17:46:09","slug":"concurs-expo-dibuixos-fotografies","status":"publish","type":"post","link":"http:\/\/mesverdbenicalap.eu\/es\/concurs-expo-dibuixos-fotografies\/","title":{"rendered":"Concurso de dibujo y fotograf\u00eda \u201cCistella responsable\u201d: Ya est\u00e1n expuestos los dibujos y fotograf\u00edas"},"content":{"rendered":"<p>Ya pod\u00e9is venir a ver los dibujos y fotograf\u00edas del concurso \u201cCistella Responsable\u201d que est\u00e1n expuestos en el herbolario \u201cFlor de la vida\u201d en horario de la tienda y en la Academia de Arte \u201cLa ballena de ideas\u201d de 18.00 a 19.30 horas.<\/p>\n<p>El d\u00eda 10 de junio a las 20:00 horas tendr\u00e1 lugar la decisi\u00f3n del jurado junto a la entrega de premios y a partir de las 17.00 horas de este mismo d\u00eda se podr\u00e1n ver todos los trabajos realizados en esta preciosa alquer\u00eda.<\/p>\n<p><strong><img loading=\"lazy\" decoding=\"async\" class=\"aligncenter wp-image-3172 size-full\" src=\"http:\/\/mesverdbenicalap.eu\/wp-content\/uploads\/2022\/06\/CISTELLA-foto.png\" alt=\"\" width=\"455\" height=\"647\" srcset=\"http:\/\/mesverdbenicalap.eu\/wp-content\/uploads\/2022\/06\/CISTELLA-foto.png 455w, http:\/\/mesverdbenicalap.eu\/wp-content\/uploads\/2022\/06\/CISTELLA-foto-211x300.png 211w\" sizes=\"auto, (max-width: 455px) 100vw, 455px\" \/>\u00bfD\u00f3nde?<\/strong><\/p>\n<p>Herbolario \u201cFlor de la vida\u201d y\u00a0Academia de Arte \u201cLa Ballena de las Ideas\u201d<\/p>\n<p><strong>\u00bfCu\u00e1ndo?<\/strong><\/p>\n<p>El 10 de junio<\/p>\n<p><strong>\u00bfA qu\u00e9 hora?<\/strong><\/p>\n<p>Desde las 17:00h<\/p>\n<p><img loading=\"lazy\" decoding=\"async\" class=\"alignnone wp-image-3179 \" src=\"http:\/\/mesverdbenicalap.eu\/wp-content\/uploads\/2022\/06\/WhatsApp-Image-2022-06-08-at-4.26.43-PM-2-300x240.jpeg\" alt=\"\" width=\"278\" height=\"222\" srcset=\"http:\/\/mesverdbenicalap.eu\/wp-content\/uploads\/2022\/06\/WhatsApp-Image-2022-06-08-at-4.26.43-PM-2-300x240.jpeg 300w, http:\/\/mesverdbenicalap.eu\/wp-content\/uploads\/2022\/06\/WhatsApp-Image-2022-06-08-at-4.26.43-PM-2-768x614.jpeg 768w, http:\/\/mesverdbenicalap.eu\/wp-content\/uploads\/2022\/06\/WhatsApp-Image-2022-06-08-at-4.26.43-PM-2.jpeg 899w\" sizes=\"auto, (max-width: 278px) 100vw, 278px\" \/> <img loading=\"lazy\" decoding=\"async\" class=\"alignnone size-medium wp-image-3202\" src=\"http:\/\/mesverdbenicalap.eu\/wp-content\/uploads\/2022\/06\/concurso-cistella-3-300x225.jpeg\" alt=\"\" width=\"300\" height=\"225\" srcset=\"http:\/\/mesverdbenicalap.eu\/wp-content\/uploads\/2022\/06\/concurso-cistella-3-300x225.jpeg 300w, http:\/\/mesverdbenicalap.eu\/wp-content\/uploads\/2022\/06\/concurso-cistella-3-768x576.jpeg 768w, http:\/\/mesverdbenicalap.eu\/wp-content\/uploads\/2022\/06\/concurso-cistella-3-1024x768.jpeg 1024w, http:\/\/mesverdbenicalap.eu\/wp-content\/uploads\/2022\/06\/concurso-cistella-3.jpeg 1600w\" sizes=\"auto, (max-width: 300px) 100vw, 300px\" \/><img loading=\"lazy\" decoding=\"async\" class=\"alignnone size-medium wp-image-3200\" src=\"http:\/\/mesverdbenicalap.eu\/wp-content\/uploads\/2022\/06\/concurso-cistella-2-300x225.jpeg\" alt=\"\" width=\"300\" height=\"225\" srcset=\"http:\/\/mesverdbenicalap.eu\/wp-content\/uploads\/2022\/06\/concurso-cistella-2-300x225.jpeg 300w, http:\/\/mesverdbenicalap.eu\/wp-content\/uploads\/2022\/06\/concurso-cistella-2-768x576.jpeg 768w, http:\/\/mesverdbenicalap.eu\/wp-content\/uploads\/2022\/06\/concurso-cistella-2-1024x768.jpeg 1024w, http:\/\/mesverdbenicalap.eu\/wp-content\/uploads\/2022\/06\/concurso-cistella-2.jpeg 1600w\" sizes=\"auto, (max-width: 300px) 100vw, 300px\" \/><img loading=\"lazy\" decoding=\"async\" class=\"alignnone size-medium wp-image-3198\" src=\"http:\/\/mesverdbenicalap.eu\/wp-content\/uploads\/2022\/06\/concurso-cistella-4-300x225.jpeg\" alt=\"\" width=\"300\" height=\"225\" srcset=\"http:\/\/mesverdbenicalap.eu\/wp-content\/uploads\/2022\/06\/concurso-cistella-4-300x225.jpeg 300w, http:\/\/mesverdbenicalap.eu\/wp-content\/uploads\/2022\/06\/concurso-cistella-4-768x576.jpeg 768w, http:\/\/mesverdbenicalap.eu\/wp-content\/uploads\/2022\/06\/concurso-cistella-4-1024x768.jpeg 1024w, http:\/\/mesverdbenicalap.eu\/wp-content\/uploads\/2022\/06\/concurso-cistella-4.jpeg 1600w\" sizes=\"auto, (max-width: 300px) 100vw, 300px\" \/><img loading=\"lazy\" decoding=\"async\" class=\"alignnone size-medium wp-image-3196\" src=\"http:\/\/mesverdbenicalap.eu\/wp-content\/uploads\/2022\/06\/concurso-cistella-300x225.jpeg\" alt=\"\" width=\"300\" height=\"225\" srcset=\"http:\/\/mesverdbenicalap.eu\/wp-content\/uploads\/2022\/06\/concurso-cistella-300x225.jpeg 300w, http:\/\/mesverdbenicalap.eu\/wp-content\/uploads\/2022\/06\/concurso-cistella-768x576.jpeg 768w, http:\/\/mesverdbenicalap.eu\/wp-content\/uploads\/2022\/06\/concurso-cistella-1024x768.jpeg 1024w, http:\/\/mesverdbenicalap.eu\/wp-content\/uploads\/2022\/06\/concurso-cistella.jpeg 1600w\" sizes=\"auto, (max-width: 300px) 100vw, 300px\" \/><\/p>\n<p>&nbsp;<\/p>\n<p>En el proyecto GrowGreen, financiado por H2020, participan la ciudad de Val\u00e8ncia junto a otras tres ciudades: Manchester (el Reino Unido), Wroclaw (Polonia) y Wuhan (China).<\/p>\n","protected":false},"excerpt":{"rendered":"<p>Ya pod\u00e9is venir a ver los dibujos y fotograf\u00edas del concurso \u201cCistella Responsable\u201d que est\u00e1n expuestos en el herbolario \u201cFlor de la vida\u201d en horario de la tienda y en&#8230;<\/p>\n","protected":false},"author":2,"featured_media":3176,"comment_status":"closed","ping_status":"closed","sticky":false,"template":"","format":"standard","meta":{"footnotes":""},"categories":[37,35],"tags":[],"class_list":["post-3182","post","type-post","status-publish","format-standard","has-post-thumbnail","hentry","category-eventos","category-premsa-es"],"_links":{"self":[{"href":"http:\/\/mesverdbenicalap.eu\/es\/wp-json\/wp\/v2\/posts\/3182\/"}],"collection":[{"href":"http:\/\/mesverdbenicalap.eu\/es\/wp-json\/wp\/v2\/posts\/"}],"about":[{"href":"http:\/\/mesverdbenicalap.eu\/es\/wp-json\/wp\/v2\/types\/post\/"}],"author":[{"embeddable":true,"href":"http:\/\/mesverdbenicalap.eu\/es\/wp-json\/wp\/v2\/users\/2\/"}],"replies":[{"embeddable":true,"href":"http:\/\/mesverdbenicalap.eu\/es\/wp-json\/wp\/v2\/comments\/?post=3182"}],"version-history":[{"count":3,"href":"http:\/\/mesverdbenicalap.eu\/es\/wp-json\/wp\/v2\/posts\/3182\/revisions\/"}],"predecessor-version":[{"id":3204,"href":"http:\/\/mesverdbenicalap.eu\/es\/wp-json\/wp\/v2\/posts\/3182\/revisions\/3204\/"}],"wp:featuredmedia":[{"embeddable":true,"href":"http:\/\/mesverdbenicalap.eu\/es\/wp-json\/wp\/v2\/media\/3176\/"}],"wp:attachment":[{"href":"http:\/\/mesverdbenicalap.eu\/es\/wp-json\/wp\/v2\/media\/?parent=3182"}],"wp:term":[{"taxonomy":"category","embeddable":true,"href":"http:\/\/mesverdbenicalap.eu\/es\/wp-json\/wp\/v2\/categories\/?post=3182"},{"taxonomy":"post_tag","embeddable":true,"href":"http:\/\/mesverdbenicalap.eu\/es\/wp-json\/wp\/v2\/tags\/?post=3182"}],"curies":[{"name":"wp","href":"https:\/\/api.w.org\/{rel}","templated":true}]}}