{"id":3206,"date":"2022-06-17T13:41:22","date_gmt":"2022-06-17T11:41:22","guid":{"rendered":"http:\/\/mesverdbenicalap.eu\/?p=3206"},"modified":"2022-06-17T13:55:11","modified_gmt":"2022-06-17T11:55:11","slug":"gran-fiesta-benicalap","status":"publish","type":"post","link":"http:\/\/mesverdbenicalap.eu\/es\/gran-fiesta-benicalap\/","title":{"rendered":"El proyecto europeo GrowGreen termina sus pilotos locales en Val\u00e8ncia con una gran fiesta en Benicalap"},"content":{"rendered":"<p><strong>\/ Este s\u00e1bado 18 de junio, en la plaza Regino Mas se celebrar\u00e1 el acto final del proyecto europeo que promueve soluciones basadas en la naturaleza para hacer ciudades m\u00e1s resilientes contra el cambio clim\u00e1tico<\/strong><\/p>\n<p><strong>\/ Numerosas acciones medioambientales y urban\u00edsticas se han desarrollado en el escenario local de GrowGreen, Ciutat Fallera \u2013 Benicalap, en las que se ha reforzado la participaci\u00f3n ciudadana <\/strong><\/p>\n<p><strong>\u00a0<\/strong><\/p>\n<p>El proyecto europeo GrowGreen, gestionado por el Ayuntamiento de Val\u00e8ncia y Las Naves, y enmarcado en el programa H2020, es una iniciativa que promueve soluciones basadas en la naturaleza (SBN) y en la que Val\u00e8ncia trabaja con otras tres ciudades pioneras: Manchester (Reino Unido), Wroclaw (Polonia) y Wuhan (China), que trabaja como parte de la fase piloto del programa chino de Ciudades Esponja. Adem\u00e1s, otras ciudades como Brest (Francia), Zadar (Croacia) y M\u00f3dena (Italia), tambi\u00e9n est\u00e1n implementando pilotos para entender c\u00f3mo pueden funcionar las soluciones basadas en la naturaleza en sus ciudades.<\/p>\n<p>&nbsp;<\/p>\n<p>Tras cinco a\u00f1os del proyecto local en Val\u00e8ncia, concretamente en el barrio de Ciutat Fallera en Benicalap, GrowGreen celebra su acto final este s\u00e1bado 18 de junio en <strong>la Plaza Regino Mas<\/strong>. GrowGreen ha desarrollado m\u00e1s soluciones basadas en la naturaleza y acciones para hacer frente a los retos clim\u00e1ticos como: un <strong>jard\u00edn vertical<\/strong>, ubicado en el Colegio Ciudad Artista Fallero; un <strong>Espai Verd<\/strong>, un antiguo solar en desuso que el proyecto recuper\u00f3, gracias a la participaci\u00f3n ciudadana, un <strong>bosquete sostenible<\/strong>, espacio 100% sostenible y peatonal, con un total de 5.273 metros cuadrados y con arbolado perimetral; un <strong>corredor verde azul<\/strong>, ruta peatonal naturalizada que conecta el Parque de Benicalap, el Bosquete Sostenible y la huerta con las \u00e1reas interiores de vida urbana del barrio; <strong>tejado verde<\/strong>, cubierta ajardinada en el Centro Municipal de Actividades para Personas Mayores de Benicalap; una <strong>App<\/strong> m\u00f3vil para identificar y recopilar datos sobre las especies de flora y fauna urbana; <strong>Cistella Responsable<\/strong>, proyecto que a\u00fana inclusi\u00f3n social y consumo responsable: productos frescos, ecol\u00f3gicos, de temporada, de proximidad y sin intermediarios; un dispositivo de resiliencia urbana, que mejora el confort t\u00e9rmico del patio del IES de Benicalap; <strong>Aliats Alats<\/strong>, un proyecto para monitorizar y ayudar a mejorar la biodiversidad del barrio con acciones que favorecen a los a los murci\u00e9lagos y p\u00e1jaros.<\/p>\n<p>&nbsp;<\/p>\n<p>Todo este trabajo se ha desarrollado gracias a la implicaci\u00f3n de varias concejal\u00edas del Ayuntamiento de Val\u00e8ncia y a los vecinos y vecinas de Benicalap, es por ello que este s\u00e1bado se celebrar\u00e1 un acto abierto a todas las personas que quieran participar.<\/p>\n<p>&nbsp;<\/p>\n<p>El acto contar\u00e1 con la presencia de Carlos Galiana, Concejal de Innovaci\u00f3n y Gesti\u00f3n del Conocimiento. Comenzar\u00e1 a las 18:30h. en la Plaza Regino Mas desde donde se har\u00e1 un recorrido circular por todos los pilotos, volviendo a la plaza donde se podr\u00e1 disfrutar de m\u00fasica en directo a cargo de la Banda de M\u00fasica de Benicalap y de una merienda para todos los asistentes. Y para los m\u00e1s peque\u00f1os habr\u00e1 talleres orientados a la sostenibilidad para aprender jugando, impartidos por proyecto Komba Educaci\u00f3n.<\/p>\n<p>Sin embargo, GrowGreen no acabar\u00e1 con este acto festivo de cierre, sino que tiene programado varios talleres para la ciudadan\u00eda durante todo el mes de junio.<\/p>\n<p>&nbsp;<\/p>\n<h2><strong>Missions Val\u00e8ncia 2030<\/strong><\/h2>\n<p>&nbsp;<\/p>\n<p>El proyecto GrowGreen es un proyecto m\u00e1s a sumar dentro de la estrategia marcada de Missions Val\u00e8ncia 2030. Las Naves y la Delegaci\u00f3n de Innovaci\u00f3n y Conocimiento del Ayuntamiento de Val\u00e8ncia son los responsables de este modelo de gobernanza de la innovaci\u00f3n basado en misiones que mejoran la vida de las personas. Este modelo de gobernanza a\u00fana a todo el ecosistema de innovaci\u00f3n sin excluir a nadie, porque las misiones de una ciudad, de un pa\u00eds o de toda Europa se consiguen desde la diversidad y con la suma de todas las partes, de todo el talento y de todas las fuentes de conocimiento.<\/p>\n<p>Actualmente Val\u00e8ncia est\u00e1 trabajando en la Misi\u00f3n Clim\u00e1tica Val\u00e8ncia 2030, con el objetivo de convertir en Val\u00e8ncia en una ciudad clim\u00e1ticamente neutra. Adem\u00e1s, la ciudad ya forma parte de las 100 ciudades que la Comisi\u00f3n Europea ha seleccionado dentro de la misi\u00f3n \u00abciudades inteligentes y clim\u00e1ticamente neutras\u00bb.<\/p>\n","protected":false},"excerpt":{"rendered":"<p>\/ Este s\u00e1bado 18 de junio, en la plaza Regino Mas se celebrar\u00e1 el acto final del proyecto europeo que promueve soluciones basadas en la naturaleza para hacer ciudades m\u00e1s&#8230;<\/p>\n","protected":false},"author":2,"featured_media":3137,"comment_status":"closed","ping_status":"closed","sticky":false,"template":"","format":"standard","meta":{"footnotes":""},"categories":[37,35],"tags":[],"class_list":["post-3206","post","type-post","status-publish","format-standard","has-post-thumbnail","hentry","category-eventos","category-premsa-es"],"_links":{"self":[{"href":"http:\/\/mesverdbenicalap.eu\/es\/wp-json\/wp\/v2\/posts\/3206\/"}],"collection":[{"href":"http:\/\/mesverdbenicalap.eu\/es\/wp-json\/wp\/v2\/posts\/"}],"about":[{"href":"http:\/\/mesverdbenicalap.eu\/es\/wp-json\/wp\/v2\/types\/post\/"}],"author":[{"embeddable":true,"href":"http:\/\/mesverdbenicalap.eu\/es\/wp-json\/wp\/v2\/users\/2\/"}],"replies":[{"embeddable":true,"href":"http:\/\/mesverdbenicalap.eu\/es\/wp-json\/wp\/v2\/comments\/?post=3206"}],"version-history":[{"count":4,"href":"http:\/\/mesverdbenicalap.eu\/es\/wp-json\/wp\/v2\/posts\/3206\/revisions\/"}],"predecessor-version":[{"id":3214,"href":"http:\/\/mesverdbenicalap.eu\/es\/wp-json\/wp\/v2\/posts\/3206\/revisions\/3214\/"}],"wp:featuredmedia":[{"embeddable":true,"href":"http:\/\/mesverdbenicalap.eu\/es\/wp-json\/wp\/v2\/media\/3137\/"}],"wp:attachment":[{"href":"http:\/\/mesverdbenicalap.eu\/es\/wp-json\/wp\/v2\/media\/?parent=3206"}],"wp:term":[{"taxonomy":"category","embeddable":true,"href":"http:\/\/mesverdbenicalap.eu\/es\/wp-json\/wp\/v2\/categories\/?post=3206"},{"taxonomy":"post_tag","embeddable":true,"href":"http:\/\/mesverdbenicalap.eu\/es\/wp-json\/wp\/v2\/tags\/?post=3206"}],"curies":[{"name":"wp","href":"https:\/\/api.w.org\/{rel}","templated":true}]}}