{"id":3245,"date":"2022-06-20T09:54:12","date_gmt":"2022-06-20T07:54:12","guid":{"rendered":"http:\/\/mesverdbenicalap.eu\/tallers-berenar-musica-acte-final-growgreen\/"},"modified":"2022-06-20T10:01:47","modified_gmt":"2022-06-20T08:01:47","slug":"tallers-berenar-musica-acte-final-growgreen","status":"publish","type":"post","link":"http:\/\/mesverdbenicalap.eu\/es\/tallers-berenar-musica-acte-final-growgreen\/","title":{"rendered":"Talleres, merienda, m\u00fasica en directo! Acto final de GrowGreen en Val\u00e8ncia"},"content":{"rendered":"[vc_row type=\u00bbin_container\u00bb full_screen_row_position=\u00bbmiddle\u00bb scene_position=\u00bbcenter\u00bb text_color=\u00bbdark\u00bb text_align=\u00bbleft\u00bb overlay_strength=\u00bb0.3&#8243;][vc_column column_padding=\u00bbno-extra-padding\u00bb column_padding_position=\u00bball\u00bb background_color_opacity=\u00bb1&#8243; background_hover_color_opacity=\u00bb1&#8243; column_shadow=\u00bbnone\u00bb width=\u00bb1\/1&#8243; tablet_text_alignment=\u00bbdefault\u00bb phone_text_alignment=\u00bbdefault\u00bb column_border_width=\u00bbnone\u00bb column_border_style=\u00bbsolid\u00bb][vc_column_text]El pasado s\u00e1bado pasamos una tarde muy divertida junto a los vecinos y vecinas de Benicalap. El proyecto GrowGreen llega a su final, pero deja todas las acciones pilotos que intentan dar soluciones para adaptarnos mejor al cambio clim\u00e1tico. GrowGreen no acabar\u00e1 con este acto festivo de cierre, sino que tiene programado varios talleres para la ciudadan\u00eda durante todo el mes de junio.<\/p>\n<p>El regidor de Innovaci\u00f3n Carlos Galiana ha se\u00f1alado: \u00abBenicalap ha acogido un laboratorio urbano. Hemos hecho del barrio un lugar donde probar soluciones basadas en la naturaleza. GrowGreen ha tenido un eje fundamental: la participaci\u00f3n ciudadana, la implicaci\u00f3n del barrio. No entendemos de otra manera la innovaci\u00f3n. Ha sido imprescindible para el proyecto que los vecinos y vecinas de Benicalap se sintieran parte de la iniciativa. Tenemos un reto por delante muy importante: hacer que Val\u00e8ncia sea clim\u00e1ticamente neutra en 2030. Y el proyecto GrowGreen deja una huella en ese camino\u00bb.[\/vc_column_text][\/vc_column][\/vc_row][vc_row type=\u00bbin_container\u00bb full_screen_row_position=\u00bbmiddle\u00bb scene_position=\u00bbcenter\u00bb text_color=\u00bbdark\u00bb text_align=\u00bbleft\u00bb overlay_strength=\u00bb0.3&#8243;][vc_column column_padding=\u00bbno-extra-padding\u00bb column_padding_position=\u00bball\u00bb background_color_opacity=\u00bb1&#8243; background_hover_color_opacity=\u00bb1&#8243; column_shadow=\u00bbnone\u00bb width=\u00bb1\/3&#8243; tablet_text_alignment=\u00bbdefault\u00bb phone_text_alignment=\u00bbdefault\u00bb column_border_width=\u00bbnone\u00bb column_border_style=\u00bbsolid\u00bb]<div class=\"img-with-aniamtion-wrap \" data-max-width=\"100%\"><div class=\"inner\"><img loading=\"lazy\" decoding=\"async\" data-shadow=\"none\" data-shadow-direction=\"middle\" class=\"img-with-animation \" data-delay=\"0\" height=\"1365\" width=\"2048\" data-animation=\"fade-in\" src=\"http:\/\/mesverdbenicalap.eu\/wp-content\/uploads\/2022\/06\/foto-growgreen-1.jpg\" srcset=\"http:\/\/mesverdbenicalap.eu\/wp-content\/uploads\/2022\/06\/foto-growgreen-1.jpg 2048w, http:\/\/mesverdbenicalap.eu\/wp-content\/uploads\/2022\/06\/foto-growgreen-1-300x200.jpg 300w, http:\/\/mesverdbenicalap.eu\/wp-content\/uploads\/2022\/06\/foto-growgreen-1-768x512.jpg 768w, http:\/\/mesverdbenicalap.eu\/wp-content\/uploads\/2022\/06\/foto-growgreen-1-1024x683.jpg 1024w, http:\/\/mesverdbenicalap.eu\/wp-content\/uploads\/2022\/06\/foto-growgreen-1-900x600.jpg 900w, http:\/\/mesverdbenicalap.eu\/wp-content\/uploads\/2022\/06\/foto-growgreen-1-675x450.jpg 675w\" sizes=\"auto, 100vw\" alt=\"\" \/><\/div><\/div><div class=\"divider-wrap\"><div style=\"height: 20px;\" class=\"divider\"><\/div><\/div><div class=\"img-with-aniamtion-wrap \" data-max-width=\"100%\"><div class=\"inner\"><img loading=\"lazy\" decoding=\"async\" data-shadow=\"none\" data-shadow-direction=\"middle\" class=\"img-with-animation \" data-delay=\"0\" height=\"1365\" width=\"2048\" data-animation=\"fade-in\" src=\"http:\/\/mesverdbenicalap.eu\/wp-content\/uploads\/2022\/06\/foto-growgreen-6.jpg\" srcset=\"http:\/\/mesverdbenicalap.eu\/wp-content\/uploads\/2022\/06\/foto-growgreen-6.jpg 2048w, http:\/\/mesverdbenicalap.eu\/wp-content\/uploads\/2022\/06\/foto-growgreen-6-300x200.jpg 300w, http:\/\/mesverdbenicalap.eu\/wp-content\/uploads\/2022\/06\/foto-growgreen-6-768x512.jpg 768w, http:\/\/mesverdbenicalap.eu\/wp-content\/uploads\/2022\/06\/foto-growgreen-6-1024x683.jpg 1024w, http:\/\/mesverdbenicalap.eu\/wp-content\/uploads\/2022\/06\/foto-growgreen-6-900x600.jpg 900w, http:\/\/mesverdbenicalap.eu\/wp-content\/uploads\/2022\/06\/foto-growgreen-6-675x450.jpg 675w\" sizes=\"auto, 100vw\" alt=\"\" \/><\/div><\/div>[\/vc_column][vc_column column_padding=\u00bbno-extra-padding\u00bb column_padding_position=\u00bball\u00bb background_color_opacity=\u00bb1&#8243; background_hover_color_opacity=\u00bb1&#8243; column_shadow=\u00bbnone\u00bb width=\u00bb1\/3&#8243; tablet_text_alignment=\u00bbdefault\u00bb phone_text_alignment=\u00bbdefault\u00bb column_border_width=\u00bbnone\u00bb column_border_style=\u00bbsolid\u00bb]<div class=\"img-with-aniamtion-wrap \" data-max-width=\"100%\"><div class=\"inner\"><img loading=\"lazy\" decoding=\"async\" data-shadow=\"none\" data-shadow-direction=\"middle\" class=\"img-with-animation \" data-delay=\"0\" height=\"1365\" width=\"2048\" data-animation=\"fade-in\" src=\"http:\/\/mesverdbenicalap.eu\/wp-content\/uploads\/2022\/06\/foto-growgreen-3.jpg\" srcset=\"http:\/\/mesverdbenicalap.eu\/wp-content\/uploads\/2022\/06\/foto-growgreen-3.jpg 2048w, http:\/\/mesverdbenicalap.eu\/wp-content\/uploads\/2022\/06\/foto-growgreen-3-300x200.jpg 300w, http:\/\/mesverdbenicalap.eu\/wp-content\/uploads\/2022\/06\/foto-growgreen-3-768x512.jpg 768w, http:\/\/mesverdbenicalap.eu\/wp-content\/uploads\/2022\/06\/foto-growgreen-3-1024x683.jpg 1024w, http:\/\/mesverdbenicalap.eu\/wp-content\/uploads\/2022\/06\/foto-growgreen-3-900x600.jpg 900w, http:\/\/mesverdbenicalap.eu\/wp-content\/uploads\/2022\/06\/foto-growgreen-3-675x450.jpg 675w\" sizes=\"auto, 100vw\" alt=\"\" \/><\/div><\/div><div class=\"divider-wrap\"><div style=\"height: 20px;\" class=\"divider\"><\/div><\/div><div class=\"img-with-aniamtion-wrap \" data-max-width=\"100%\"><div class=\"inner\"><img loading=\"lazy\" decoding=\"async\" data-shadow=\"none\" data-shadow-direction=\"middle\" class=\"img-with-animation \" data-delay=\"0\" height=\"1365\" width=\"2048\" data-animation=\"fade-in\" src=\"http:\/\/mesverdbenicalap.eu\/wp-content\/uploads\/2022\/06\/foto-growgreen-4.jpg\" srcset=\"http:\/\/mesverdbenicalap.eu\/wp-content\/uploads\/2022\/06\/foto-growgreen-4.jpg 2048w, http:\/\/mesverdbenicalap.eu\/wp-content\/uploads\/2022\/06\/foto-growgreen-4-300x200.jpg 300w, http:\/\/mesverdbenicalap.eu\/wp-content\/uploads\/2022\/06\/foto-growgreen-4-768x512.jpg 768w, http:\/\/mesverdbenicalap.eu\/wp-content\/uploads\/2022\/06\/foto-growgreen-4-1024x683.jpg 1024w, http:\/\/mesverdbenicalap.eu\/wp-content\/uploads\/2022\/06\/foto-growgreen-4-900x600.jpg 900w, http:\/\/mesverdbenicalap.eu\/wp-content\/uploads\/2022\/06\/foto-growgreen-4-675x450.jpg 675w\" sizes=\"auto, 100vw\" alt=\"\" \/><\/div><\/div>[\/vc_column][vc_column column_padding=\u00bbno-extra-padding\u00bb column_padding_position=\u00bball\u00bb background_color_opacity=\u00bb1&#8243; background_hover_color_opacity=\u00bb1&#8243; column_shadow=\u00bbnone\u00bb width=\u00bb1\/3&#8243; tablet_text_alignment=\u00bbdefault\u00bb phone_text_alignment=\u00bbdefault\u00bb column_border_width=\u00bbnone\u00bb column_border_style=\u00bbsolid\u00bb]<div class=\"img-with-aniamtion-wrap \" data-max-width=\"100%\"><div class=\"inner\"><img loading=\"lazy\" decoding=\"async\" data-shadow=\"none\" data-shadow-direction=\"middle\" class=\"img-with-animation \" data-delay=\"0\" height=\"1365\" width=\"2048\" data-animation=\"fade-in\" src=\"http:\/\/mesverdbenicalap.eu\/wp-content\/uploads\/2022\/06\/foto-growgreen-2.jpg\" srcset=\"http:\/\/mesverdbenicalap.eu\/wp-content\/uploads\/2022\/06\/foto-growgreen-2.jpg 2048w, http:\/\/mesverdbenicalap.eu\/wp-content\/uploads\/2022\/06\/foto-growgreen-2-300x200.jpg 300w, http:\/\/mesverdbenicalap.eu\/wp-content\/uploads\/2022\/06\/foto-growgreen-2-768x512.jpg 768w, http:\/\/mesverdbenicalap.eu\/wp-content\/uploads\/2022\/06\/foto-growgreen-2-1024x683.jpg 1024w, http:\/\/mesverdbenicalap.eu\/wp-content\/uploads\/2022\/06\/foto-growgreen-2-900x600.jpg 900w, http:\/\/mesverdbenicalap.eu\/wp-content\/uploads\/2022\/06\/foto-growgreen-2-675x450.jpg 675w\" sizes=\"auto, 100vw\" alt=\"\" \/><\/div><\/div><div class=\"divider-wrap\"><div style=\"height: 20px;\" class=\"divider\"><\/div><\/div><div class=\"img-with-aniamtion-wrap \" data-max-width=\"100%\"><div class=\"inner\"><img loading=\"lazy\" decoding=\"async\" data-shadow=\"none\" data-shadow-direction=\"middle\" class=\"img-with-animation \" data-delay=\"0\" height=\"1365\" width=\"2048\" data-animation=\"fade-in\" src=\"http:\/\/mesverdbenicalap.eu\/wp-content\/uploads\/2022\/06\/foto-growgreen-5.jpg\" srcset=\"http:\/\/mesverdbenicalap.eu\/wp-content\/uploads\/2022\/06\/foto-growgreen-5.jpg 2048w, http:\/\/mesverdbenicalap.eu\/wp-content\/uploads\/2022\/06\/foto-growgreen-5-300x200.jpg 300w, http:\/\/mesverdbenicalap.eu\/wp-content\/uploads\/2022\/06\/foto-growgreen-5-768x512.jpg 768w, http:\/\/mesverdbenicalap.eu\/wp-content\/uploads\/2022\/06\/foto-growgreen-5-1024x683.jpg 1024w, http:\/\/mesverdbenicalap.eu\/wp-content\/uploads\/2022\/06\/foto-growgreen-5-900x600.jpg 900w, http:\/\/mesverdbenicalap.eu\/wp-content\/uploads\/2022\/06\/foto-growgreen-5-675x450.jpg 675w\" sizes=\"auto, 100vw\" alt=\"\" \/><\/div><\/div>[\/vc_column][\/vc_row][vc_row type=\u00bbin_container\u00bb full_screen_row_position=\u00bbmiddle\u00bb scene_position=\u00bbcenter\u00bb text_color=\u00bbdark\u00bb text_align=\u00bbleft\u00bb overlay_strength=\u00bb0.3&#8243;][vc_column column_padding=\u00bbno-extra-padding\u00bb column_padding_position=\u00bball\u00bb background_color_opacity=\u00bb1&#8243; background_hover_color_opacity=\u00bb1&#8243; column_shadow=\u00bbnone\u00bb width=\u00bb1\/1&#8243; tablet_text_alignment=\u00bbdefault\u00bb phone_text_alignment=\u00bbdefault\u00bb column_border_width=\u00bbnone\u00bb column_border_style=\u00bbsolid\u00bb][vc_column_text]Actualmente Val\u00e8ncia est\u00e1 trabajando en la Misi\u00f3n Clim\u00e1tica Val\u00e8ncia 2030, con el objetivo de convertir en Val\u00e8ncia en una ciudad clim\u00e1ticamente neutra. Adem\u00e1s, la ciudad ya forma parte de las 100 ciudades que la Comisi\u00f3n Europea ha seleccionado dentro de la misi\u00f3n \u00abciudades inteligentes y clim\u00e1ticamente neutras\u00bb.[\/vc_column_text][\/vc_column][\/vc_row]\n","protected":false},"excerpt":{"rendered":"<p>[vc_row type=\u00bbin_container\u00bb full_screen_row_position=\u00bbmiddle\u00bb scene_position=\u00bbcenter\u00bb text_color=\u00bbdark\u00bb text_align=\u00bbleft\u00bb overlay_strength=\u00bb0.3&#8243;][vc_column column_padding=\u00bbno-extra-padding\u00bb column_padding_position=\u00bball\u00bb background_color_opacity=\u00bb1&#8243; background_hover_color_opacity=\u00bb1&#8243; column_shadow=\u00bbnone\u00bb width=\u00bb1\/1&#8243; tablet_text_alignment=\u00bbdefault\u00bb phone_text_alignment=\u00bbdefault\u00bb column_border_width=\u00bbnone\u00bb column_border_style=\u00bbsolid\u00bb][vc_column_text]El pasado s\u00e1bado pasamos una tarde muy divertida junto a los vecinos y vecinas&#8230;<\/p>\n","protected":false},"author":2,"featured_media":3238,"comment_status":"closed","ping_status":"closed","sticky":false,"template":"","format":"standard","meta":{"footnotes":""},"categories":[37,35],"tags":[],"class_list":["post-3245","post","type-post","status-publish","format-standard","has-post-thumbnail","hentry","category-eventos","category-premsa-es"],"_links":{"self":[{"href":"http:\/\/mesverdbenicalap.eu\/es\/wp-json\/wp\/v2\/posts\/3245\/"}],"collection":[{"href":"http:\/\/mesverdbenicalap.eu\/es\/wp-json\/wp\/v2\/posts\/"}],"about":[{"href":"http:\/\/mesverdbenicalap.eu\/es\/wp-json\/wp\/v2\/types\/post\/"}],"author":[{"embeddable":true,"href":"http:\/\/mesverdbenicalap.eu\/es\/wp-json\/wp\/v2\/users\/2\/"}],"replies":[{"embeddable":true,"href":"http:\/\/mesverdbenicalap.eu\/es\/wp-json\/wp\/v2\/comments\/?post=3245"}],"version-history":[{"count":5,"href":"http:\/\/mesverdbenicalap.eu\/es\/wp-json\/wp\/v2\/posts\/3245\/revisions\/"}],"predecessor-version":[{"id":3252,"href":"http:\/\/mesverdbenicalap.eu\/es\/wp-json\/wp\/v2\/posts\/3245\/revisions\/3252\/"}],"wp:featuredmedia":[{"embeddable":true,"href":"http:\/\/mesverdbenicalap.eu\/es\/wp-json\/wp\/v2\/media\/3238\/"}],"wp:attachment":[{"href":"http:\/\/mesverdbenicalap.eu\/es\/wp-json\/wp\/v2\/media\/?parent=3245"}],"wp:term":[{"taxonomy":"category","embeddable":true,"href":"http:\/\/mesverdbenicalap.eu\/es\/wp-json\/wp\/v2\/categories\/?post=3245"},{"taxonomy":"post_tag","embeddable":true,"href":"http:\/\/mesverdbenicalap.eu\/es\/wp-json\/wp\/v2\/tags\/?post=3245"}],"curies":[{"name":"wp","href":"https:\/\/api.w.org\/{rel}","templated":true}]}}