{"id":3342,"date":"2022-07-26T09:03:33","date_gmt":"2022-07-26T07:03:33","guid":{"rendered":"http:\/\/mesverdbenicalap.eu\/?p=3342"},"modified":"2022-07-26T09:09:23","modified_gmt":"2022-07-26T07:09:23","slug":"taller-de-reverdecimiento-a-benicalap-con-growgreen","status":"publish","type":"post","link":"http:\/\/mesverdbenicalap.eu\/es\/taller-de-reverdecimiento-a-benicalap-con-growgreen\/","title":{"rendered":"Taller de reverdecimiento a Benicalap con GrowGreen"},"content":{"rendered":"[vc_row type=\u00bbin_container\u00bb full_screen_row_position=\u00bbmiddle\u00bb scene_position=\u00bbcenter\u00bb text_color=\u00bbdark\u00bb text_align=\u00bbleft\u00bb overlay_strength=\u00bb0.3&#8243;][vc_column column_padding=\u00bbno-extra-padding\u00bb column_padding_position=\u00bball\u00bb background_color_opacity=\u00bb1&#8243; background_hover_color_opacity=\u00bb1&#8243; column_shadow=\u00bbnone\u00bb width=\u00bb1\/1&#8243; tablet_text_alignment=\u00bbdefault\u00bb phone_text_alignment=\u00bbdefault\u00bb column_border_width=\u00bbnone\u00bb column_border_style=\u00bbsolid\u00bb][vc_column_text]Hace unos d\u00edas celebramos un Taller de reverdecimiento a Benicalap. Con los vecinos y vecinas del barrio, y con los miembros del grupo Scouts Wig-Wam, plantamos nueva vegetaci\u00f3n al <a href=\"http:\/\/mesverdbenicalap.eu\/corredor-verd-grow-green\/\">corredor Verde Azul<\/a>, uno de los pilotos del proyecto GrowGreen. Se trata de una acci\u00f3n divulgativa que crea conciencia sobre la importancia de las Soluciones Basadas en la Naturaleza para la adaptaci\u00f3n de las ciudades al cambio clim\u00e1tico.[\/vc_column_text][\/vc_column][\/vc_row][vc_row type=\u00bbin_container\u00bb full_screen_row_position=\u00bbmiddle\u00bb scene_position=\u00bbcenter\u00bb text_color=\u00bbdark\u00bb text_align=\u00bbleft\u00bb overlay_strength=\u00bb0.3&#8243;][vc_column column_padding=\u00bbno-extra-padding\u00bb column_padding_position=\u00bball\u00bb background_color_opacity=\u00bb1&#8243; background_hover_color_opacity=\u00bb1&#8243; column_shadow=\u00bbnone\u00bb width=\u00bb1\/6&#8243; tablet_text_alignment=\u00bbdefault\u00bb phone_text_alignment=\u00bbdefault\u00bb column_border_width=\u00bbnone\u00bb column_border_style=\u00bbsolid\u00bb][\/vc_column][vc_column column_padding=\u00bbno-extra-padding\u00bb column_padding_position=\u00bball\u00bb background_color_opacity=\u00bb1&#8243; background_hover_color_opacity=\u00bb1&#8243; column_shadow=\u00bbnone\u00bb width=\u00bb2\/3&#8243; tablet_text_alignment=\u00bbdefault\u00bb phone_text_alignment=\u00bbdefault\u00bb column_border_width=\u00bbnone\u00bb column_border_style=\u00bbsolid\u00bb]<div class=\"img-with-aniamtion-wrap center\" data-max-width=\"100%\"><div class=\"inner\"><img loading=\"lazy\" decoding=\"async\" data-shadow=\"none\" data-shadow-direction=\"middle\" class=\"img-with-animation \" data-delay=\"0\" height=\"1200\" width=\"1600\" data-animation=\"fade-in\" src=\"http:\/\/mesverdbenicalap.eu\/wp-content\/uploads\/2022\/07\/taller-GrowGreen.jpeg\" srcset=\"http:\/\/mesverdbenicalap.eu\/wp-content\/uploads\/2022\/07\/taller-GrowGreen.jpeg 1600w, http:\/\/mesverdbenicalap.eu\/wp-content\/uploads\/2022\/07\/taller-GrowGreen-300x225.jpeg 300w, http:\/\/mesverdbenicalap.eu\/wp-content\/uploads\/2022\/07\/taller-GrowGreen-768x576.jpeg 768w, http:\/\/mesverdbenicalap.eu\/wp-content\/uploads\/2022\/07\/taller-GrowGreen-1024x768.jpeg 1024w\" sizes=\"auto, 100vw\" alt=\"\" \/><\/div><\/div>[\/vc_column][vc_column column_padding=\u00bbno-extra-padding\u00bb column_padding_position=\u00bball\u00bb background_color_opacity=\u00bb1&#8243; background_hover_color_opacity=\u00bb1&#8243; column_shadow=\u00bbnone\u00bb width=\u00bb1\/6&#8243; tablet_text_alignment=\u00bbdefault\u00bb phone_text_alignment=\u00bbdefault\u00bb column_border_width=\u00bbnone\u00bb column_border_style=\u00bbsolid\u00bb][\/vc_column][\/vc_row][vc_row type=\u00bbin_container\u00bb full_screen_row_position=\u00bbmiddle\u00bb scene_position=\u00bbcenter\u00bb text_color=\u00bbdark\u00bb text_align=\u00bbleft\u00bb overlay_strength=\u00bb0.3&#8243;][vc_column column_padding=\u00bbno-extra-padding\u00bb column_padding_position=\u00bball\u00bb background_color_opacity=\u00bb1&#8243; background_hover_color_opacity=\u00bb1&#8243; column_shadow=\u00bbnone\u00bb width=\u00bb1\/1&#8243; tablet_text_alignment=\u00bbdefault\u00bb phone_text_alignment=\u00bbdefault\u00bb column_border_width=\u00bbnone\u00bb column_border_style=\u00bbsolid\u00bb][vc_column_text]Actualmente Val\u00e8ncia est\u00e1 trabajando en la Misi\u00f3n Clim\u00e1tica Val\u00e8ncia 2030, con el objetivo de convertir en Val\u00e8ncia en una ciudad clim\u00e1ticamente neutra. Adem\u00e1s, la ciudad ya forma parte de las 100 ciudades que la Comisi\u00f3n Europea ha seleccionado dentro de la misi\u00f3n \u00abciudades inteligentes y clim\u00e1ticamente neutras\u00bb.[\/vc_column_text][\/vc_column][\/vc_row]\n","protected":false},"excerpt":{"rendered":"<p>[vc_row type=\u00bbin_container\u00bb full_screen_row_position=\u00bbmiddle\u00bb scene_position=\u00bbcenter\u00bb text_color=\u00bbdark\u00bb text_align=\u00bbleft\u00bb overlay_strength=\u00bb0.3&#8243;][vc_column column_padding=\u00bbno-extra-padding\u00bb column_padding_position=\u00bball\u00bb background_color_opacity=\u00bb1&#8243; background_hover_color_opacity=\u00bb1&#8243; column_shadow=\u00bbnone\u00bb width=\u00bb1\/1&#8243; tablet_text_alignment=\u00bbdefault\u00bb phone_text_alignment=\u00bbdefault\u00bb column_border_width=\u00bbnone\u00bb column_border_style=\u00bbsolid\u00bb][vc_column_text]Hace unos d\u00edas celebramos un Taller de reverdecimiento a Benicalap. Con los vecinos y&#8230;<\/p>\n","protected":false},"author":2,"featured_media":3340,"comment_status":"closed","ping_status":"closed","sticky":false,"template":"","format":"standard","meta":{"footnotes":""},"categories":[37,35],"tags":[],"class_list":["post-3342","post","type-post","status-publish","format-standard","has-post-thumbnail","hentry","category-eventos","category-premsa-es"],"_links":{"self":[{"href":"http:\/\/mesverdbenicalap.eu\/es\/wp-json\/wp\/v2\/posts\/3342\/"}],"collection":[{"href":"http:\/\/mesverdbenicalap.eu\/es\/wp-json\/wp\/v2\/posts\/"}],"about":[{"href":"http:\/\/mesverdbenicalap.eu\/es\/wp-json\/wp\/v2\/types\/post\/"}],"author":[{"embeddable":true,"href":"http:\/\/mesverdbenicalap.eu\/es\/wp-json\/wp\/v2\/users\/2\/"}],"replies":[{"embeddable":true,"href":"http:\/\/mesverdbenicalap.eu\/es\/wp-json\/wp\/v2\/comments\/?post=3342"}],"version-history":[{"count":3,"href":"http:\/\/mesverdbenicalap.eu\/es\/wp-json\/wp\/v2\/posts\/3342\/revisions\/"}],"predecessor-version":[{"id":3346,"href":"http:\/\/mesverdbenicalap.eu\/es\/wp-json\/wp\/v2\/posts\/3342\/revisions\/3346\/"}],"wp:featuredmedia":[{"embeddable":true,"href":"http:\/\/mesverdbenicalap.eu\/es\/wp-json\/wp\/v2\/media\/3340\/"}],"wp:attachment":[{"href":"http:\/\/mesverdbenicalap.eu\/es\/wp-json\/wp\/v2\/media\/?parent=3342"}],"wp:term":[{"taxonomy":"category","embeddable":true,"href":"http:\/\/mesverdbenicalap.eu\/es\/wp-json\/wp\/v2\/categories\/?post=3342"},{"taxonomy":"post_tag","embeddable":true,"href":"http:\/\/mesverdbenicalap.eu\/es\/wp-json\/wp\/v2\/tags\/?post=3342"}],"curies":[{"name":"wp","href":"https:\/\/api.w.org\/{rel}","templated":true}]}}