{"id":3362,"date":"2022-11-14T10:54:57","date_gmt":"2022-11-14T09:54:57","guid":{"rendered":"http:\/\/mesverdbenicalap.eu\/ferramenta-mesurar-impacte-pobresa-energetica\/"},"modified":"2022-11-14T10:56:03","modified_gmt":"2022-11-14T09:56:03","slug":"ferramenta-mesurar-impacte-pobresa-energetica","status":"publish","type":"post","link":"http:\/\/mesverdbenicalap.eu\/es\/ferramenta-mesurar-impacte-pobresa-energetica\/","title":{"rendered":"Presentaci\u00f3n de la Herramienta para medir el impacto de la pobreza energ\u00e9tica sobre el bienestar"},"content":{"rendered":"[vc_row type=\u00bbin_container\u00bb full_screen_row_position=\u00bbmiddle\u00bb scene_position=\u00bbcenter\u00bb text_color=\u00bbdark\u00bb text_align=\u00bbleft\u00bb overlay_strength=\u00bb0.3&#8243;][vc_column column_padding=\u00bbno-extra-padding\u00bb column_padding_position=\u00bball\u00bb background_color_opacity=\u00bb1&#8243; background_hover_color_opacity=\u00bb1&#8243; column_shadow=\u00bbnone\u00bb width=\u00bb1\/1&#8243; tablet_text_alignment=\u00bbdefault\u00bb phone_text_alignment=\u00bbdefault\u00bb column_border_width=\u00bbnone\u00bb column_border_style=\u00bbsolid\u00bb][vc_column_text]El pr\u00f3ximo 23 de noviembre el Sal\u00f3n de actos Cubo Amarillo de la UPV acoger\u00e1 la presentaci\u00f3n de la Herramienta para medir el impacto de la pobreza energ\u00e9tica sobre el bienestar, herramienta impulsada por Las Naves, a trav\u00e9s del Laboratorio de An\u00e1lisis y Evaluaci\u00f3n de Pol\u00edticas P\u00fablicas Avalua\u00b7lab y el \u00e1rea de Energ\u00eda del centro de innovaci\u00f3n, en el marco del proyecto GrowGreen.<\/p>\n<p>Esta herramienta sirve para extraer informaci\u00f3n espec\u00edfica sobre la situaci\u00f3n social, de vivienda y salud f\u00edsica y mental derivadas de la situaci\u00f3n de pobreza energ\u00e9tica, as\u00ed como espec\u00edficamente en el marco de actuaci\u00f3n del proyecto europeo GrowGreen, el cual trabaja en posibles soluciones basadas en la naturaleza en los hogares, las cuales buscan mejorar la eficiencia energ\u00e9tica.<\/p>\n<p>Por su parte, la UPV presentar\u00e1 el proyecto europeo DivAirCity (Welcome to DivAirCity H2020), que trata de encontrar oportunidades para crear ciudades clim\u00e1ticamente neutras mediante programas de inclusi\u00f3n social y promoci\u00f3n de la diversidad, los cuales tienen como objetivo conseguir ciudades m\u00e1s innovadoras, creativas, impulsadas por la cultura verde y sin emisiones de carbono.[\/vc_column_text][\/vc_column][\/vc_row]\n","protected":false},"excerpt":{"rendered":"<p>[vc_row type=\u00bbin_container\u00bb full_screen_row_position=\u00bbmiddle\u00bb scene_position=\u00bbcenter\u00bb text_color=\u00bbdark\u00bb text_align=\u00bbleft\u00bb overlay_strength=\u00bb0.3&#8243;][vc_column column_padding=\u00bbno-extra-padding\u00bb column_padding_position=\u00bball\u00bb background_color_opacity=\u00bb1&#8243; background_hover_color_opacity=\u00bb1&#8243; column_shadow=\u00bbnone\u00bb width=\u00bb1\/1&#8243; tablet_text_alignment=\u00bbdefault\u00bb phone_text_alignment=\u00bbdefault\u00bb column_border_width=\u00bbnone\u00bb column_border_style=\u00bbsolid\u00bb][vc_column_text]El pr\u00f3ximo 23 de noviembre el Sal\u00f3n de actos Cubo Amarillo de la UPV&#8230;<\/p>\n","protected":false},"author":2,"featured_media":3360,"comment_status":"closed","ping_status":"closed","sticky":false,"template":"","format":"standard","meta":{"footnotes":""},"categories":[37,35],"tags":[],"class_list":["post-3362","post","type-post","status-publish","format-standard","has-post-thumbnail","hentry","category-eventos","category-premsa-es"],"_links":{"self":[{"href":"http:\/\/mesverdbenicalap.eu\/es\/wp-json\/wp\/v2\/posts\/3362\/"}],"collection":[{"href":"http:\/\/mesverdbenicalap.eu\/es\/wp-json\/wp\/v2\/posts\/"}],"about":[{"href":"http:\/\/mesverdbenicalap.eu\/es\/wp-json\/wp\/v2\/types\/post\/"}],"author":[{"embeddable":true,"href":"http:\/\/mesverdbenicalap.eu\/es\/wp-json\/wp\/v2\/users\/2\/"}],"replies":[{"embeddable":true,"href":"http:\/\/mesverdbenicalap.eu\/es\/wp-json\/wp\/v2\/comments\/?post=3362"}],"version-history":[{"count":1,"href":"http:\/\/mesverdbenicalap.eu\/es\/wp-json\/wp\/v2\/posts\/3362\/revisions\/"}],"predecessor-version":[{"id":3365,"href":"http:\/\/mesverdbenicalap.eu\/es\/wp-json\/wp\/v2\/posts\/3362\/revisions\/3365\/"}],"wp:featuredmedia":[{"embeddable":true,"href":"http:\/\/mesverdbenicalap.eu\/es\/wp-json\/wp\/v2\/media\/3360\/"}],"wp:attachment":[{"href":"http:\/\/mesverdbenicalap.eu\/es\/wp-json\/wp\/v2\/media\/?parent=3362"}],"wp:term":[{"taxonomy":"category","embeddable":true,"href":"http:\/\/mesverdbenicalap.eu\/es\/wp-json\/wp\/v2\/categories\/?post=3362"},{"taxonomy":"post_tag","embeddable":true,"href":"http:\/\/mesverdbenicalap.eu\/es\/wp-json\/wp\/v2\/tags\/?post=3362"}],"curies":[{"name":"wp","href":"https:\/\/api.w.org\/{rel}","templated":true}]}}