{"id":3378,"date":"2022-11-14T11:10:57","date_gmt":"2022-11-14T10:10:57","guid":{"rendered":"http:\/\/mesverdbenicalap.eu\/festival-sostenible-solucions-basades-natura\/"},"modified":"2022-11-14T11:12:11","modified_gmt":"2022-11-14T10:12:11","slug":"festival-sostenible-solucions-basades-natura","status":"publish","type":"post","link":"http:\/\/mesverdbenicalap.eu\/es\/festival-sostenible-solucions-basades-natura\/","title":{"rendered":"I Festival Sostenible \u2013 Soluciones basadas en la naturaleza"},"content":{"rendered":"[vc_row type=\u00bbin_container\u00bb full_screen_row_position=\u00bbmiddle\u00bb scene_position=\u00bbcenter\u00bb text_color=\u00bbdark\u00bb text_align=\u00bbleft\u00bb overlay_strength=\u00bb0.3&#8243;][vc_column column_padding=\u00bbno-extra-padding\u00bb column_padding_position=\u00bball\u00bb background_color_opacity=\u00bb1&#8243; background_hover_color_opacity=\u00bb1&#8243; column_shadow=\u00bbnone\u00bb width=\u00bb1\/1&#8243; tablet_text_alignment=\u00bbdefault\u00bb phone_text_alignment=\u00bbdefault\u00bb column_border_width=\u00bbnone\u00bb column_border_style=\u00bbsolid\u00bb]<div class=\"img-with-aniamtion-wrap center\" data-max-width=\"100%\"><div class=\"inner\"><img loading=\"lazy\" decoding=\"async\" data-shadow=\"none\" data-shadow-direction=\"middle\" class=\"img-with-animation \" data-delay=\"0\" height=\"2161\" width=\"3841\" data-animation=\"fade-in\" src=\"http:\/\/mesverdbenicalap.eu\/wp-content\/uploads\/2022\/11\/LN_FestivaSostenible_20nov_HORIZONTAL-1.png\" srcset=\"http:\/\/mesverdbenicalap.eu\/wp-content\/uploads\/2022\/11\/LN_FestivaSostenible_20nov_HORIZONTAL-1.png 3841w, http:\/\/mesverdbenicalap.eu\/wp-content\/uploads\/2022\/11\/LN_FestivaSostenible_20nov_HORIZONTAL-1-300x169.png 300w, http:\/\/mesverdbenicalap.eu\/wp-content\/uploads\/2022\/11\/LN_FestivaSostenible_20nov_HORIZONTAL-1-768x432.png 768w, http:\/\/mesverdbenicalap.eu\/wp-content\/uploads\/2022\/11\/LN_FestivaSostenible_20nov_HORIZONTAL-1-1024x576.png 1024w\" sizes=\"auto, 100vw\" alt=\"\" \/><\/div><\/div>[vc_column_text]Las Naves presenta el I Festival Sostenible, una iniciativa de Missi\u00f3 Clim\u00e0tica Val\u00e8ncia 2030. Unas jornadas distendidas repartidas en 3 fechas para sensibilizar en modos de vida sostenibles e innovadores.<\/p>\n<p>El I Festival Sostenible Las Naves se reparte en tres ma\u00f1anas de fin de semana:<\/p>\n<ul>\n<li><strong>S\u00e1bado 17 de septiembre<\/strong>\u00a0\u2013 con una charla de Climabar y concierto de Maluks<\/li>\n<li><strong>Domingo 16 de octubre<\/strong>\u00a0\u2013 Disco Sopa con la chef Cristina Ruiz y m\u00fasica de Jordana B.<\/li>\n<li><strong>Domingo 20 de noviembre<\/strong>\u00a0\u2013 con una mesa redonda sobre soluciones basadas en la naturaleza (SbN) y actuaci\u00f3n musical de Reina Roja<\/li>\n<\/ul>\n<p>Adem\u00e1s, durante toda la ma\u00f1ana habr\u00e1 un market sostenible y zona gastron\u00f3mica de proximidad con DJ.<\/p>\n<p>Los dos platos fuertes del<strong>\u00a0domingo 20 de noviembre<\/strong>\u00a0ser\u00e1n la\u00a0<strong>mesa redonda sobre soluciones basadas en la naturaleza\u00a0<\/strong>y la actuaci\u00f3n musical del grupo\u00a0<strong>Reina Roja<\/strong>.<\/p>\n<p>La\u00a0<strong>charla \u00abRepensar los espacios p\u00fablicos para hacerlos m\u00e1s resilientes a la crisis clim\u00e1tica\u00bb<\/strong>\u00a0estar\u00e1 dinamizada por Omayra Vidal, de Tornem, y contar\u00e1 con la participaci\u00f3n de la ambient\u00f3loga Mar\u00eda S\u00e1nchez; Francisca Hip\u00f3lito, t\u00e9cnica del proyecto GrowGreen de Las Naves; y Marta Garc\u00eda de Grupo Aranea. Juntas, tratar\u00e1n temas como el abandono rural, la revalorizaci\u00f3n de los espacios verdes o c\u00f3mo hacer m\u00e1s resilientes las \u00e1reas urbanas frente al impacto del cambio clim\u00e1tico.<\/p>\n<p>La m\u00fasica la pondr\u00e1\u00a0<strong>Reina Roja<\/strong>, el proyecto musical de la cantante Mar\u00eda Briones y el productor y percusionista Rafa Villalba con su flamenco-pop contempor\u00e1neo y mestizo.<\/p>\n<p>&nbsp;<\/p>\n<p><strong>Horarios domingo 20 de noviembre<\/strong><\/p>\n<p>11.00 h a 14:00 h Market y zona gastron\u00f3mica (en el patio de Las Naves)<\/p>\n<p>11.00 h a 13:00 h Miss Yuls DJ (patio)<\/p>\n<p>11:00 h a 14:00 h Taller \u00abVampiros de la energ\u00eda\u00bb (para todos los p\u00fablicos)<\/p>\n<p>12:00 h a 13:00 h Mesa redonda \u00abRepensar los espacios p\u00fablicos para hacerlos m\u00e1s resilientes a la crisis clim\u00e1tica\u00bb. Modera: Omayra Vidal de Tornem. Con la participaci\u00f3n de: la ambient\u00f3loga Mar\u00eda S\u00e1nchez; Marta Garc\u00eda del Grupo Aranea (Pla Verd de la Ciutat de Val\u00e8ncia), y Francisca Hip\u00f3lito del proyecto GrowGreen de Las Naves (en la sala Polivalent)<\/p>\n<p>13:00 h Actuaci\u00f3n musical de Reina Roja<\/p>\n<p>&nbsp;<\/p>\n<p><strong>Entrada con acceso libre.<\/strong>[\/vc_column_text][\/vc_column][\/vc_row]\n","protected":false},"excerpt":{"rendered":"<p>[vc_row type=\u00bbin_container\u00bb full_screen_row_position=\u00bbmiddle\u00bb scene_position=\u00bbcenter\u00bb text_color=\u00bbdark\u00bb text_align=\u00bbleft\u00bb overlay_strength=\u00bb0.3&#8243;][vc_column column_padding=\u00bbno-extra-padding\u00bb column_padding_position=\u00bball\u00bb background_color_opacity=\u00bb1&#8243; background_hover_color_opacity=\u00bb1&#8243; column_shadow=\u00bbnone\u00bb width=\u00bb1\/1&#8243; tablet_text_alignment=\u00bbdefault\u00bb phone_text_alignment=\u00bbdefault\u00bb column_border_width=\u00bbnone\u00bb column_border_style=\u00bbsolid\u00bb][vc_column_text]Las Naves presenta el I Festival Sostenible, una iniciativa de Missi\u00f3 Clim\u00e0tica Val\u00e8ncia 2030&#8230;.<\/p>\n","protected":false},"author":2,"featured_media":3372,"comment_status":"closed","ping_status":"closed","sticky":false,"template":"","format":"standard","meta":{"footnotes":""},"categories":[37,35,1],"tags":[],"class_list":["post-3378","post","type-post","status-publish","format-standard","has-post-thumbnail","hentry","category-eventos","category-premsa-es","category-sin-categorizar"],"_links":{"self":[{"href":"http:\/\/mesverdbenicalap.eu\/es\/wp-json\/wp\/v2\/posts\/3378\/"}],"collection":[{"href":"http:\/\/mesverdbenicalap.eu\/es\/wp-json\/wp\/v2\/posts\/"}],"about":[{"href":"http:\/\/mesverdbenicalap.eu\/es\/wp-json\/wp\/v2\/types\/post\/"}],"author":[{"embeddable":true,"href":"http:\/\/mesverdbenicalap.eu\/es\/wp-json\/wp\/v2\/users\/2\/"}],"replies":[{"embeddable":true,"href":"http:\/\/mesverdbenicalap.eu\/es\/wp-json\/wp\/v2\/comments\/?post=3378"}],"version-history":[{"count":1,"href":"http:\/\/mesverdbenicalap.eu\/es\/wp-json\/wp\/v2\/posts\/3378\/revisions\/"}],"predecessor-version":[{"id":3379,"href":"http:\/\/mesverdbenicalap.eu\/es\/wp-json\/wp\/v2\/posts\/3378\/revisions\/3379\/"}],"wp:featuredmedia":[{"embeddable":true,"href":"http:\/\/mesverdbenicalap.eu\/es\/wp-json\/wp\/v2\/media\/3372\/"}],"wp:attachment":[{"href":"http:\/\/mesverdbenicalap.eu\/es\/wp-json\/wp\/v2\/media\/?parent=3378"}],"wp:term":[{"taxonomy":"category","embeddable":true,"href":"http:\/\/mesverdbenicalap.eu\/es\/wp-json\/wp\/v2\/categories\/?post=3378"},{"taxonomy":"post_tag","embeddable":true,"href":"http:\/\/mesverdbenicalap.eu\/es\/wp-json\/wp\/v2\/tags\/?post=3378"}],"curies":[{"name":"wp","href":"https:\/\/api.w.org\/{rel}","templated":true}]}}