{"id":3385,"date":"2022-11-14T11:23:33","date_gmt":"2022-11-14T10:23:33","guid":{"rendered":"http:\/\/mesverdbenicalap.eu\/jornades-ciutats-sostenibles\/"},"modified":"2022-11-14T11:29:17","modified_gmt":"2022-11-14T10:29:17","slug":"jornades-ciutats-sostenibles","status":"publish","type":"post","link":"http:\/\/mesverdbenicalap.eu\/es\/jornades-ciutats-sostenibles\/","title":{"rendered":"Jornada Ciudades Sostenibles: Las SBN para afrontar los retos de la ciudad de Val\u00e8ncia. Aprendiendo de la ciudad esponja de Wuhan"},"content":{"rendered":"[vc_row type=\u00bbin_container\u00bb full_screen_row_position=\u00bbmiddle\u00bb scene_position=\u00bbcenter\u00bb text_color=\u00bbdark\u00bb text_align=\u00bbleft\u00bb overlay_strength=\u00bb0.3&#8243;][vc_column column_padding=\u00bbno-extra-padding\u00bb column_padding_position=\u00bball\u00bb background_color_opacity=\u00bb1&#8243; background_hover_color_opacity=\u00bb1&#8243; column_shadow=\u00bbnone\u00bb width=\u00bb1\/1&#8243; tablet_text_alignment=\u00bbdefault\u00bb phone_text_alignment=\u00bbdefault\u00bb column_border_width=\u00bbnone\u00bb column_border_style=\u00bbsolid\u00bb]<div class=\"img-with-aniamtion-wrap center\" data-max-width=\"100%\"><div class=\"inner\"><img loading=\"lazy\" decoding=\"async\" data-shadow=\"none\" data-shadow-direction=\"middle\" class=\"img-with-animation \" data-delay=\"0\" height=\"2251\" width=\"4001\" data-animation=\"fade-in\" src=\"http:\/\/mesverdbenicalap.eu\/wp-content\/uploads\/2022\/11\/LN_Growgreen-Wuhan_Horizontal-1920x1080_Generico_VAL.png\" srcset=\"http:\/\/mesverdbenicalap.eu\/wp-content\/uploads\/2022\/11\/LN_Growgreen-Wuhan_Horizontal-1920x1080_Generico_VAL.png 4001w, http:\/\/mesverdbenicalap.eu\/wp-content\/uploads\/2022\/11\/LN_Growgreen-Wuhan_Horizontal-1920x1080_Generico_VAL-300x169.png 300w, http:\/\/mesverdbenicalap.eu\/wp-content\/uploads\/2022\/11\/LN_Growgreen-Wuhan_Horizontal-1920x1080_Generico_VAL-768x432.png 768w, http:\/\/mesverdbenicalap.eu\/wp-content\/uploads\/2022\/11\/LN_Growgreen-Wuhan_Horizontal-1920x1080_Generico_VAL-1024x576.png 1024w\" sizes=\"auto, 100vw\" alt=\"\" \/><\/div><\/div>[vc_column_text]Las Naves acoge el pr\u00f3ximo 16 de noviembre de 11h a 13h la jornada \u00abCiudades Sostenibles: Las SBN para afrontar los retos de la ciudad de Val\u00e8ncia. Aprendiendo de la ciudad esponja de Wuhan\u00bb.<\/p>\n<p>El programa ser\u00e1 el siguiente:<\/p>\n<p>11h Apertura y presentaci\u00f3n. Empar Soriano. T\u00e9cnica I+D+i Las Naves<\/p>\n<p>11:10h Conferencia magistral de Xiang Zhang, profesor de la Universidad de Wuhan. Ciudades Esponja: Naturaleza integrada en las ciudades del presente<\/p>\n<p>12:h Mesa redonda \u00abOportunidades y retos: Las soluciones basadas en la naturaleza desde la perspectiva de la ciudad de Valencia\u00bb<\/p>\n<p>Moderadora: Gema Alca\u00f1iz (Imedea)<\/p>\n<p>Intervinientes:<br \/>\nIgnacio Dom\u00e9nech. IIAMA<br \/>\nSara Perales. GreenBlue Management SL<br \/>\nD\u00e9bora Domingo. Universidad Polit\u00e9cnica de Val\u00e8ncia<br \/>\nLuc\u00eda Moreno. AE-Agr\u00f3<\/p>\n<p>13h Clausura. Francisca Hip\u00f3lito. T\u00e9cnica I+D+i Las Naves<\/p>\n<p>Inscr\u00edbete\u00a0<a href=\"https:\/\/www.eventbrite.es\/e\/entradas-ciutats-sostenibles-les-sbn-per-afrontar-reptes-de-valencia-el-cas-wuhan-463563580147\">aqu\u00ed<\/a>.[\/vc_column_text][\/vc_column][\/vc_row]\n","protected":false},"excerpt":{"rendered":"<p>[vc_row type=\u00bbin_container\u00bb full_screen_row_position=\u00bbmiddle\u00bb scene_position=\u00bbcenter\u00bb text_color=\u00bbdark\u00bb text_align=\u00bbleft\u00bb overlay_strength=\u00bb0.3&#8243;][vc_column column_padding=\u00bbno-extra-padding\u00bb column_padding_position=\u00bball\u00bb background_color_opacity=\u00bb1&#8243; background_hover_color_opacity=\u00bb1&#8243; column_shadow=\u00bbnone\u00bb width=\u00bb1\/1&#8243; tablet_text_alignment=\u00bbdefault\u00bb phone_text_alignment=\u00bbdefault\u00bb column_border_width=\u00bbnone\u00bb column_border_style=\u00bbsolid\u00bb][vc_column_text]Las Naves acoge el pr\u00f3ximo 16 de noviembre de 11h a 13h la jornada&#8230;<\/p>\n","protected":false},"author":2,"featured_media":3383,"comment_status":"closed","ping_status":"closed","sticky":false,"template":"","format":"standard","meta":{"footnotes":""},"categories":[37,35],"tags":[],"class_list":["post-3385","post","type-post","status-publish","format-standard","has-post-thumbnail","hentry","category-eventos","category-premsa-es"],"_links":{"self":[{"href":"http:\/\/mesverdbenicalap.eu\/es\/wp-json\/wp\/v2\/posts\/3385\/"}],"collection":[{"href":"http:\/\/mesverdbenicalap.eu\/es\/wp-json\/wp\/v2\/posts\/"}],"about":[{"href":"http:\/\/mesverdbenicalap.eu\/es\/wp-json\/wp\/v2\/types\/post\/"}],"author":[{"embeddable":true,"href":"http:\/\/mesverdbenicalap.eu\/es\/wp-json\/wp\/v2\/users\/2\/"}],"replies":[{"embeddable":true,"href":"http:\/\/mesverdbenicalap.eu\/es\/wp-json\/wp\/v2\/comments\/?post=3385"}],"version-history":[{"count":2,"href":"http:\/\/mesverdbenicalap.eu\/es\/wp-json\/wp\/v2\/posts\/3385\/revisions\/"}],"predecessor-version":[{"id":3387,"href":"http:\/\/mesverdbenicalap.eu\/es\/wp-json\/wp\/v2\/posts\/3385\/revisions\/3387\/"}],"wp:featuredmedia":[{"embeddable":true,"href":"http:\/\/mesverdbenicalap.eu\/es\/wp-json\/wp\/v2\/media\/3383\/"}],"wp:attachment":[{"href":"http:\/\/mesverdbenicalap.eu\/es\/wp-json\/wp\/v2\/media\/?parent=3385"}],"wp:term":[{"taxonomy":"category","embeddable":true,"href":"http:\/\/mesverdbenicalap.eu\/es\/wp-json\/wp\/v2\/categories\/?post=3385"},{"taxonomy":"post_tag","embeddable":true,"href":"http:\/\/mesverdbenicalap.eu\/es\/wp-json\/wp\/v2\/tags\/?post=3385"}],"curies":[{"name":"wp","href":"https:\/\/api.w.org\/{rel}","templated":true}]}}