{"id":3401,"date":"2022-11-23T08:51:05","date_gmt":"2022-11-23T07:51:05","guid":{"rendered":"http:\/\/mesverdbenicalap.eu\/jornada-tallers-projecte-growgreen\/"},"modified":"2022-11-23T08:55:10","modified_gmt":"2022-11-23T07:55:10","slug":"jornada-tallers-projecte-growgreen","status":"publish","type":"post","link":"http:\/\/mesverdbenicalap.eu\/es\/jornada-tallers-projecte-growgreen\/","title":{"rendered":"Jornada de talleres del projecto GrowGreen"},"content":{"rendered":"[vc_row type=\u00bbin_container\u00bb full_screen_row_position=\u00bbmiddle\u00bb scene_position=\u00bbcenter\u00bb text_color=\u00bbdark\u00bb text_align=\u00bbleft\u00bb overlay_strength=\u00bb0.3&#8243;][vc_column column_padding=\u00bbno-extra-padding\u00bb column_padding_position=\u00bball\u00bb background_color_opacity=\u00bb1&#8243; background_hover_color_opacity=\u00bb1&#8243; column_shadow=\u00bbnone\u00bb width=\u00bb1\/1&#8243; tablet_text_alignment=\u00bbdefault\u00bb phone_text_alignment=\u00bbdefault\u00bb column_border_width=\u00bbnone\u00bb column_border_style=\u00bbsolid\u00bb]<div class=\"img-with-aniamtion-wrap center\" data-max-width=\"100%\"><div class=\"inner\"><img loading=\"lazy\" decoding=\"async\" data-shadow=\"none\" data-shadow-direction=\"middle\" class=\"img-with-animation \" data-delay=\"0\" height=\"571\" width=\"1500\" data-animation=\"fade-in\" src=\"http:\/\/mesverdbenicalap.eu\/wp-content\/uploads\/2022\/11\/jornada-de-tallers-growgreen.png\" srcset=\"http:\/\/mesverdbenicalap.eu\/wp-content\/uploads\/2022\/11\/jornada-de-tallers-growgreen.png 1500w, http:\/\/mesverdbenicalap.eu\/wp-content\/uploads\/2022\/11\/jornada-de-tallers-growgreen-300x114.png 300w, http:\/\/mesverdbenicalap.eu\/wp-content\/uploads\/2022\/11\/jornada-de-tallers-growgreen-768x292.png 768w, http:\/\/mesverdbenicalap.eu\/wp-content\/uploads\/2022\/11\/jornada-de-tallers-growgreen-1024x390.png 1024w\" sizes=\"auto, 100vw\" alt=\"\" \/><\/div><\/div>[vc_column_text]Ven a aprender y divertirte con los talleres del proyecto GrowGreen en el Espai Verd Benicalap. Te esperamos el s\u00e1bado 26 de noviembre. Durante esta jornada, podr\u00e1s conocer m\u00e1s sobre las aves que podemos encontrar en el barrio, sobre c\u00f3mo confeccionar un hotel para insectos o c\u00f3mo hacer compuesto. No te lo pierdas!<\/p>\n<p>PROGRAMA<\/p>\n<p>9:30 H. Taller de ornitolog\u00eda<\/p>\n<p>10h Pintada de Grafiti con tem\u00e1tica medioambiental e inclusiva<\/p>\n<p>10:30 h Taller de compostaje<\/p>\n<p>11:30 h Taller \u00bfC\u00f3mo hacer un hotel de insectos?<\/p>\n<p>Inscr\u00edbete\u00a0<a href=\"https:\/\/www.eventbrite.es\/e\/entradas-jornada-tallers-projecte-growgreen-dissabte-26-de-novembre-470958919807\">aqu\u00ed<\/a>.[\/vc_column_text][\/vc_column][\/vc_row]\n","protected":false},"excerpt":{"rendered":"<p>[vc_row type=\u00bbin_container\u00bb full_screen_row_position=\u00bbmiddle\u00bb scene_position=\u00bbcenter\u00bb text_color=\u00bbdark\u00bb text_align=\u00bbleft\u00bb overlay_strength=\u00bb0.3&#8243;][vc_column column_padding=\u00bbno-extra-padding\u00bb column_padding_position=\u00bball\u00bb background_color_opacity=\u00bb1&#8243; background_hover_color_opacity=\u00bb1&#8243; column_shadow=\u00bbnone\u00bb width=\u00bb1\/1&#8243; tablet_text_alignment=\u00bbdefault\u00bb phone_text_alignment=\u00bbdefault\u00bb column_border_width=\u00bbnone\u00bb column_border_style=\u00bbsolid\u00bb][vc_column_text]Ven a aprender y divertirte con los talleres del proyecto GrowGreen en el Espai&#8230;<\/p>\n","protected":false},"author":2,"featured_media":3397,"comment_status":"closed","ping_status":"closed","sticky":false,"template":"","format":"standard","meta":{"footnotes":""},"categories":[37,35],"tags":[],"class_list":["post-3401","post","type-post","status-publish","format-standard","has-post-thumbnail","hentry","category-eventos","category-premsa-es"],"_links":{"self":[{"href":"http:\/\/mesverdbenicalap.eu\/es\/wp-json\/wp\/v2\/posts\/3401\/"}],"collection":[{"href":"http:\/\/mesverdbenicalap.eu\/es\/wp-json\/wp\/v2\/posts\/"}],"about":[{"href":"http:\/\/mesverdbenicalap.eu\/es\/wp-json\/wp\/v2\/types\/post\/"}],"author":[{"embeddable":true,"href":"http:\/\/mesverdbenicalap.eu\/es\/wp-json\/wp\/v2\/users\/2\/"}],"replies":[{"embeddable":true,"href":"http:\/\/mesverdbenicalap.eu\/es\/wp-json\/wp\/v2\/comments\/?post=3401"}],"version-history":[{"count":3,"href":"http:\/\/mesverdbenicalap.eu\/es\/wp-json\/wp\/v2\/posts\/3401\/revisions\/"}],"predecessor-version":[{"id":3406,"href":"http:\/\/mesverdbenicalap.eu\/es\/wp-json\/wp\/v2\/posts\/3401\/revisions\/3406\/"}],"wp:featuredmedia":[{"embeddable":true,"href":"http:\/\/mesverdbenicalap.eu\/es\/wp-json\/wp\/v2\/media\/3397\/"}],"wp:attachment":[{"href":"http:\/\/mesverdbenicalap.eu\/es\/wp-json\/wp\/v2\/media\/?parent=3401"}],"wp:term":[{"taxonomy":"category","embeddable":true,"href":"http:\/\/mesverdbenicalap.eu\/es\/wp-json\/wp\/v2\/categories\/?post=3401"},{"taxonomy":"post_tag","embeddable":true,"href":"http:\/\/mesverdbenicalap.eu\/es\/wp-json\/wp\/v2\/tags\/?post=3401"}],"curies":[{"name":"wp","href":"https:\/\/api.w.org\/{rel}","templated":true}]}}