{"id":3413,"date":"2022-11-20T08:56:01","date_gmt":"2022-11-20T07:56:01","guid":{"rendered":"http:\/\/mesverdbenicalap.eu\/taller-la-meua-farmaciola-vegetal\/"},"modified":"2022-11-23T09:00:39","modified_gmt":"2022-11-23T08:00:39","slug":"taller-la-meua-farmaciola-vegetal","status":"publish","type":"post","link":"http:\/\/mesverdbenicalap.eu\/es\/taller-la-meua-farmaciola-vegetal\/","title":{"rendered":"Taller del proyecto GrowGreen \u00abMi botiqu\u00edn vegetal\u00bb"},"content":{"rendered":"[vc_row type=\u00bbin_container\u00bb full_screen_row_position=\u00bbmiddle\u00bb scene_position=\u00bbcenter\u00bb text_color=\u00bbdark\u00bb text_align=\u00bbleft\u00bb overlay_strength=\u00bb0.3&#8243;][vc_column column_padding=\u00bbno-extra-padding\u00bb column_padding_position=\u00bball\u00bb background_color_opacity=\u00bb1&#8243; background_hover_color_opacity=\u00bb1&#8243; column_shadow=\u00bbnone\u00bb width=\u00bb1\/1&#8243; tablet_text_alignment=\u00bbdefault\u00bb phone_text_alignment=\u00bbdefault\u00bb column_border_width=\u00bbnone\u00bb column_border_style=\u00bbsolid\u00bb]<div class=\"img-with-aniamtion-wrap center\" data-max-width=\"100%\"><div class=\"inner\"><img loading=\"lazy\" decoding=\"async\" data-shadow=\"none\" data-shadow-direction=\"middle\" class=\"img-with-animation \" data-delay=\"0\" height=\"540\" width=\"810\" data-animation=\"fade-in\" src=\"http:\/\/mesverdbenicalap.eu\/wp-content\/uploads\/2022\/11\/Tallere4_GrowGreen_Facebook_Valenciano.jpg\" srcset=\"http:\/\/mesverdbenicalap.eu\/wp-content\/uploads\/2022\/11\/Tallere4_GrowGreen_Facebook_Valenciano.jpg 810w, http:\/\/mesverdbenicalap.eu\/wp-content\/uploads\/2022\/11\/Tallere4_GrowGreen_Facebook_Valenciano-300x200.jpg 300w, http:\/\/mesverdbenicalap.eu\/wp-content\/uploads\/2022\/11\/Tallere4_GrowGreen_Facebook_Valenciano-768x512.jpg 768w, http:\/\/mesverdbenicalap.eu\/wp-content\/uploads\/2022\/11\/Tallere4_GrowGreen_Facebook_Valenciano-675x450.jpg 675w\" sizes=\"auto, 100vw\" alt=\"\" \/><\/div><\/div>[vc_column_text]El proyecto GrowGreen te invita\u00a0 el martes 22 de noviembre a las 17:30h al taller \u00abMi botiqu\u00edn vegetal. Aprende lo que la naturaleza puede hacer por tu salud\u00bb.<\/p>\n<p>Durante este taller, que celebraremos en el Espai Verd Benicalap (cruce calles Salvador Cerver\u00f3 con Carlos Cortina), podr\u00e1s conocer m\u00e1s sobre las propiedades de las plantas, as\u00ed como prepararemos remedios naturales realizados con \u00e9stas.<\/p>\n<p>Te esperamos! Ap\u00fantate\u00a0<a href=\"https:\/\/www.eventbrite.es\/e\/entradas-taller-la-meua-farmaciola-vegetal-projecte-growgreen-467485410447\">aqu\u00ed<\/a>.[\/vc_column_text][\/vc_column][\/vc_row]\n","protected":false},"excerpt":{"rendered":"<p>[vc_row type=\u00bbin_container\u00bb full_screen_row_position=\u00bbmiddle\u00bb scene_position=\u00bbcenter\u00bb text_color=\u00bbdark\u00bb text_align=\u00bbleft\u00bb overlay_strength=\u00bb0.3&#8243;][vc_column column_padding=\u00bbno-extra-padding\u00bb column_padding_position=\u00bball\u00bb background_color_opacity=\u00bb1&#8243; background_hover_color_opacity=\u00bb1&#8243; column_shadow=\u00bbnone\u00bb width=\u00bb1\/1&#8243; tablet_text_alignment=\u00bbdefault\u00bb phone_text_alignment=\u00bbdefault\u00bb column_border_width=\u00bbnone\u00bb column_border_style=\u00bbsolid\u00bb][vc_column_text]El proyecto GrowGreen te invita\u00a0 el martes 22 de noviembre a las 17:30h al&#8230;<\/p>\n","protected":false},"author":2,"featured_media":3410,"comment_status":"closed","ping_status":"closed","sticky":false,"template":"","format":"standard","meta":{"footnotes":""},"categories":[37,35],"tags":[],"class_list":["post-3413","post","type-post","status-publish","format-standard","has-post-thumbnail","hentry","category-eventos","category-premsa-es"],"_links":{"self":[{"href":"http:\/\/mesverdbenicalap.eu\/es\/wp-json\/wp\/v2\/posts\/3413\/"}],"collection":[{"href":"http:\/\/mesverdbenicalap.eu\/es\/wp-json\/wp\/v2\/posts\/"}],"about":[{"href":"http:\/\/mesverdbenicalap.eu\/es\/wp-json\/wp\/v2\/types\/post\/"}],"author":[{"embeddable":true,"href":"http:\/\/mesverdbenicalap.eu\/es\/wp-json\/wp\/v2\/users\/2\/"}],"replies":[{"embeddable":true,"href":"http:\/\/mesverdbenicalap.eu\/es\/wp-json\/wp\/v2\/comments\/?post=3413"}],"version-history":[{"count":1,"href":"http:\/\/mesverdbenicalap.eu\/es\/wp-json\/wp\/v2\/posts\/3413\/revisions\/"}],"predecessor-version":[{"id":3415,"href":"http:\/\/mesverdbenicalap.eu\/es\/wp-json\/wp\/v2\/posts\/3413\/revisions\/3415\/"}],"wp:featuredmedia":[{"embeddable":true,"href":"http:\/\/mesverdbenicalap.eu\/es\/wp-json\/wp\/v2\/media\/3410\/"}],"wp:attachment":[{"href":"http:\/\/mesverdbenicalap.eu\/es\/wp-json\/wp\/v2\/media\/?parent=3413"}],"wp:term":[{"taxonomy":"category","embeddable":true,"href":"http:\/\/mesverdbenicalap.eu\/es\/wp-json\/wp\/v2\/categories\/?post=3413"},{"taxonomy":"post_tag","embeddable":true,"href":"http:\/\/mesverdbenicalap.eu\/es\/wp-json\/wp\/v2\/tags\/?post=3413"}],"curies":[{"name":"wp","href":"https:\/\/api.w.org\/{rel}","templated":true}]}}