{"id":3422,"date":"2022-11-25T11:34:26","date_gmt":"2022-11-25T10:34:26","guid":{"rendered":"http:\/\/mesverdbenicalap.eu\/renaturalizar-la-ciudad-benicalap-exposicion\/"},"modified":"2022-11-25T11:37:03","modified_gmt":"2022-11-25T10:37:03","slug":"renaturalizar-la-ciudad-benicalap-exposicion","status":"publish","type":"post","link":"http:\/\/mesverdbenicalap.eu\/es\/renaturalizar-la-ciudad-benicalap-exposicion\/","title":{"rendered":"Exposici\u00f3 \u201cRenaturalitzar la ciutat. Benicalap, laboratori urb\u00e0 de solucions basades en la naturalesa\u201d"},"content":{"rendered":"[vc_row type=\u00bbin_container\u00bb full_screen_row_position=\u00bbmiddle\u00bb scene_position=\u00bbcenter\u00bb text_color=\u00bbdark\u00bb text_align=\u00bbleft\u00bb overlay_strength=\u00bb0.3&#8243;][vc_column column_padding=\u00bbno-extra-padding\u00bb column_padding_position=\u00bball\u00bb background_color_opacity=\u00bb1&#8243; background_hover_color_opacity=\u00bb1&#8243; column_shadow=\u00bbnone\u00bb width=\u00bb1\/1&#8243; tablet_text_alignment=\u00bbdefault\u00bb phone_text_alignment=\u00bbdefault\u00bb column_border_width=\u00bbnone\u00bb column_border_style=\u00bbsolid\u00bb]<div class=\"img-with-aniamtion-wrap center\" data-max-width=\"100%\"><div class=\"inner\"><img loading=\"lazy\" decoding=\"async\" data-shadow=\"none\" data-shadow-direction=\"middle\" class=\"img-with-animation \" data-delay=\"0\" height=\"1755\" width=\"2481\" data-animation=\"fade-in\" src=\"http:\/\/mesverdbenicalap.eu\/wp-content\/uploads\/2022\/11\/GrowGreen_ExpoRenaturalitzar_A3-HORIZONTAL.jpg\" srcset=\"http:\/\/mesverdbenicalap.eu\/wp-content\/uploads\/2022\/11\/GrowGreen_ExpoRenaturalitzar_A3-HORIZONTAL.jpg 2481w, http:\/\/mesverdbenicalap.eu\/wp-content\/uploads\/2022\/11\/GrowGreen_ExpoRenaturalitzar_A3-HORIZONTAL-300x212.jpg 300w, http:\/\/mesverdbenicalap.eu\/wp-content\/uploads\/2022\/11\/GrowGreen_ExpoRenaturalitzar_A3-HORIZONTAL-768x543.jpg 768w, http:\/\/mesverdbenicalap.eu\/wp-content\/uploads\/2022\/11\/GrowGreen_ExpoRenaturalitzar_A3-HORIZONTAL-1024x724.jpg 1024w\" sizes=\"auto, 100vw\" alt=\"\" \/><\/div><\/div>[vc_column_text]L\u20191 de desembre a les 18:30h la sala d\u2019exposicions de Las Naves obrir\u00e0 les seues portes per a acollir l\u2019exposici\u00f3 final del projecte GrowGreen, que despr\u00e9s de cinc anys, culmina el seu treball en el barri de Benicalap, on ha implantat un laboratori urb\u00e0 de Solucions Basades en la Naturalesa.<\/p>\n<p>Et convidem a la inauguraci\u00f3 d\u2019aquesta mostra que sota el t\u00edtol \u201cRenaturalitzar la ciutat. Benicalap, laboratori urb\u00e0 de solucions basades en la naturalesa\u201d, recorre totes les accions pilot d\u2019aquest projecte, alineat amb la Missi\u00f3 Clim\u00e0tica Val\u00e8ncia 2030.[\/vc_column_text][\/vc_column][\/vc_row]\n","protected":false},"excerpt":{"rendered":"<p>[vc_row type=\u00bbin_container\u00bb full_screen_row_position=\u00bbmiddle\u00bb scene_position=\u00bbcenter\u00bb text_color=\u00bbdark\u00bb text_align=\u00bbleft\u00bb overlay_strength=\u00bb0.3&#8243;][vc_column column_padding=\u00bbno-extra-padding\u00bb column_padding_position=\u00bball\u00bb background_color_opacity=\u00bb1&#8243; background_hover_color_opacity=\u00bb1&#8243; column_shadow=\u00bbnone\u00bb width=\u00bb1\/1&#8243; tablet_text_alignment=\u00bbdefault\u00bb phone_text_alignment=\u00bbdefault\u00bb column_border_width=\u00bbnone\u00bb column_border_style=\u00bbsolid\u00bb][vc_column_text]L\u20191 de desembre a les 18:30h la sala d\u2019exposicions de Las Naves obrir\u00e0 les&#8230;<\/p>\n","protected":false},"author":2,"featured_media":3420,"comment_status":"closed","ping_status":"closed","sticky":false,"template":"","format":"standard","meta":{"footnotes":""},"categories":[37,35],"tags":[],"class_list":["post-3422","post","type-post","status-publish","format-standard","has-post-thumbnail","hentry","category-eventos","category-premsa-es"],"_links":{"self":[{"href":"http:\/\/mesverdbenicalap.eu\/es\/wp-json\/wp\/v2\/posts\/3422\/"}],"collection":[{"href":"http:\/\/mesverdbenicalap.eu\/es\/wp-json\/wp\/v2\/posts\/"}],"about":[{"href":"http:\/\/mesverdbenicalap.eu\/es\/wp-json\/wp\/v2\/types\/post\/"}],"author":[{"embeddable":true,"href":"http:\/\/mesverdbenicalap.eu\/es\/wp-json\/wp\/v2\/users\/2\/"}],"replies":[{"embeddable":true,"href":"http:\/\/mesverdbenicalap.eu\/es\/wp-json\/wp\/v2\/comments\/?post=3422"}],"version-history":[{"count":1,"href":"http:\/\/mesverdbenicalap.eu\/es\/wp-json\/wp\/v2\/posts\/3422\/revisions\/"}],"predecessor-version":[{"id":3425,"href":"http:\/\/mesverdbenicalap.eu\/es\/wp-json\/wp\/v2\/posts\/3422\/revisions\/3425\/"}],"wp:featuredmedia":[{"embeddable":true,"href":"http:\/\/mesverdbenicalap.eu\/es\/wp-json\/wp\/v2\/media\/3420\/"}],"wp:attachment":[{"href":"http:\/\/mesverdbenicalap.eu\/es\/wp-json\/wp\/v2\/media\/?parent=3422"}],"wp:term":[{"taxonomy":"category","embeddable":true,"href":"http:\/\/mesverdbenicalap.eu\/es\/wp-json\/wp\/v2\/categories\/?post=3422"},{"taxonomy":"post_tag","embeddable":true,"href":"http:\/\/mesverdbenicalap.eu\/es\/wp-json\/wp\/v2\/tags\/?post=3422"}],"curies":[{"name":"wp","href":"https:\/\/api.w.org\/{rel}","templated":true}]}}